{"id":9925,"date":"2021-09-04T18:56:12","date_gmt":"2021-09-04T16:56:12","guid":{"rendered":"https:\/\/www.grandesassisesamp2022.com\/?p=9925"},"modified":"2021-09-17T21:18:09","modified_gmt":"2021-09-17T19:18:09","slug":"inesgotavel-demanda-do-feminino-uma-questao-nao-apenas-de-mulheres","status":"publish","type":"post","link":"https:\/\/www.grandesassisesamp2022.com\/pt-br\/inesgotavel-demanda-do-feminino-uma-questao-nao-apenas-de-mulheres\/","title":{"rendered":"Inesgot\u00e1vel demanda do feminino &#8211; uma quest\u00e3o n\u00e3o apenas de mulheres"},"content":{"rendered":"\n<p class=\"has-text-align-right\">\u00ab Quando se trata de uma mulher, n\u00e3o \u00e9 a mesma coisa, porque a mulher tem uma enorme liberdade com o semblante \u00bb<\/p>\n\n\n\n<p class=\"has-text-align-right\">Lacan. J. &#8211; <em>O Semin\u00e1rio<\/em>, livro 18 : <em>de um discurso que n\u00e3o fosse semblante<\/em>,\u00a0\u00a0texto estabelecido por Jacques-Alain Miller, Rio de Janeiro, JZE, 2009, p. 34<\/p>\n\n\n\n<p>Lacan, partindo da cl\u00ednica, objeto \u00fanico e indispens\u00e1vel da pesquisa e objetivo \u00faltimo da psican\u00e1lise, aponta o lugar da repeti\u00e7\u00e3o na elabora\u00e7\u00e3o freudiana e chega a articular o gozo \u00e0 linguagem na estrutura do discurso. No discurso, o inconsciente est\u00e1 implicado segundo um ponto de vista estrutural. Essa constru\u00e7\u00e3o topol\u00f3gica \u00e9 caracterizada por quatro lugares fixos constantes, nos quais os termos S1, S2,\u00a0<em>a,<\/em>\u00a0<img loading=\"lazy\" decoding=\"async\" width=\"10\" height=\"16\" src=\"blob:https:\/\/www.grandesassisesamp2022.com\/b7bb4be8-f291-476c-ba01-6ee12208111a\"><a href=\"applewebdata:\/\/3CB9D8F9-83A4-47F6-BD33-80260DA9A82E#_edn1\"><sup>[1]<\/sup><\/a>\u00a0giram em uma sucess\u00e3o l\u00f3gica imposs\u00edvel de alterar, os giros do discurso dando conta dos diferentes la\u00e7os sociais.<\/p>\n\n\n\n<p>No discurso da histeria, \u00e9 o sintoma que est\u00e1 no lugar do semblante, esse lugar no topo e \u00e0 esquerda constitui o elemento determinante para dar uma dire\u00e7\u00e3o geral ao pr\u00f3prio discurso: \u00ab&nbsp;O semblante n\u00e3o \u00e9 apenas situ\u00e1vel, essencial, para designar a fun\u00e7\u00e3o prim\u00e1ria da verdade&nbsp;; sem essa refer\u00eancia, \u00e9 imposs\u00edvel qualificar o que se passa no discurso<a href=\"applewebdata:\/\/3CB9D8F9-83A4-47F6-BD33-80260DA9A82E#_edn2\"><sup>[2]<\/sup><\/a>&nbsp;\u00bb, nos indica Lacan<\/p>\n\n\n\n<p>Atrav\u00e9s da \u00ab&nbsp;mascarada&nbsp;\u00bb, a hist\u00e9rica parece ser destinada \u00e0 lei da apar\u00eancia, a fim de se fazer representar no outro social, amoroso ou sexual, mesmo que se trate de uma mascarada, o poder f\u00e1lico \u00e9 substancial para ela, seja pelo fato de ela o assumir, seja por invej\u00e1-lo, seja por contest\u00e1-lo, porque ele lhe permite enfrentar sua falta de ser. Nesse n\u00edvel, ela goza naturalmente de maior liberdade do que com o semblante. A rela\u00e7\u00e3o com o semblante constitui, para a hist\u00e9rica tamb\u00e9m ,a sua divis\u00e3o (<img loading=\"lazy\" decoding=\"async\" width=\"10\" height=\"16\" src=\"blob:https:\/\/www.grandesassisesamp2022.com\/b7bb4be8-f291-476c-ba01-6ee12208111a\">), aproximando-a do Real. De um lado, ela recusa&nbsp;<em>se tomar pela mulher&nbsp;<a href=\"applewebdata:\/\/3CB9D8F9-83A4-47F6-BD33-80260DA9A82E#_edn3\"><sup><strong>[3]<\/strong><\/sup><\/a><\/em>, ela, antes,&nbsp;<em>banca o homem que suporia que a mulher sabe&nbsp;<a href=\"applewebdata:\/\/3CB9D8F9-83A4-47F6-BD33-80260DA9A82E#_edn4\"><sup><strong>[4]<\/strong><\/sup><\/a><\/em>, \u00e9 \u00e0 outra mulher que ela se endere\u00e7a para investigar a verdade oculta sobre o seu pr\u00f3prio ser, como Dora o mostra muito bem, quando busca na Sra. K. o mist\u00e9rio de sua pr\u00f3pria feminilidade.<\/p>\n\n\n\n<p>Em rela\u00e7\u00e3o a esse imposs\u00edvel entre o que ela recusa ser e o que ela n\u00e3o sabe ser, a hist\u00e9rica assume sua posi\u00e7\u00e3o de enuncia\u00e7\u00e3o, ela \u00e9 identificada com o rasgo inerente \u00e0 tens\u00e3o dial\u00e9tica entre&nbsp;<em>A mulher<\/em>&nbsp;e uma mulher, inesgot\u00e1vel demanda do feminino.<\/p>\n\n\n\n<p>Na fenomenologia mais \u00f3bvia, produzem-se resultados vis\u00edveis no corpo, o sintoma quer dizer alguma coisa, ele est\u00e1 escrito, mas \u00e9 preciso levar em conta tamb\u00e9m um gozo outro (a) que se subtrai \u00e0 significa\u00e7\u00e3o, que \u00e9 pura letra. Na dimens\u00e3o do discurso da hist\u00e9rica, o semblante \u00e9 causado pela verdade que tem o privil\u00e9gio de coincidir com o objeto mais-gozar (a) posicionado abaixo da barra. J\u00e1 a\u00ed percebemos o que Lacan especificar\u00e1 de maneira inovadora pouco tempo depois&nbsp;: h\u00e1 um outro gozo para al\u00e9m da l\u00f3gica do falo, um gozo a mais, que ele qualifica de \u00ab&nbsp;suplementar&nbsp;\u00bb. O feminino \u00e9 um modo de gozar sujeito ao n\u00e3o-todo<a href=\"applewebdata:\/\/3CB9D8F9-83A4-47F6-BD33-80260DA9A82E#_edn5\"><sup>[5]<\/sup><\/a>.<\/p>\n\n\n\n<p>Por isso, talvez, Lacan, no&nbsp;<em>Semin\u00e1rio<\/em>&nbsp;20, parece aproximar histeria e feminilidade: \u00ab&nbsp;Isto s\u00f3 pode, com efeito, conduzi-las a esse termo \u00faltimo &#8211; e n\u00e3o \u00e9 por nada que chamo isto do modo que chamo \u2013 [\u2026] a histeria, ou seja , \u00ab&nbsp;bancar o homem&nbsp;\u00bb, como eu disse [\u2026] sendo-lhes da\u00ed dif\u00edcil n\u00e3o sentirem o impasse que consiste no fato de elas se mesmarem no Outro, pois enfim n\u00e3o h\u00e1 necessidade de se saber Outro para s\u00ea-lo&nbsp;\u00bb<a href=\"applewebdata:\/\/3CB9D8F9-83A4-47F6-BD33-80260DA9A82E#_edn6\"><sup>[6]<\/sup><\/a>.&nbsp;<\/p>\n\n\n\n<p>Nem todas as mulheres podem falar desse gozo, ele est\u00e1 nos limites da linguagem e, por isso, fora da representa\u00e7\u00e3o significante, ele se aproxima, antes, do sil\u00eancio, nos esclarece M.-H. Brousse<a href=\"applewebdata:\/\/3CB9D8F9-83A4-47F6-BD33-80260DA9A82E#_edn7\"><sup>[7]<\/sup><\/a>, ele \u00e9 experimentado no corpo sem ser localizado em um \u00f3rg\u00e3o. Ele \u00e9 seu enigma, seu segredo.<\/p>\n\n\n\n<p>Nas f\u00f3rmulas da feminilidade, do lado direito da t\u00e1bua de sexua\u00e7\u00e3o<a href=\"applewebdata:\/\/3CB9D8F9-83A4-47F6-BD33-80260DA9A82E#_edn8\"><sup>[8]<\/sup><\/a>, aqueles que ali s\u00e3o localizados, pouco importa o aspecto anat\u00f4mico ou o estado civil (eles s\u00e3o homem ou mulher), o feminino n\u00e3o \u00e9 apenas uma quest\u00e3o de mulheres \u2013 eles n\u00e3o constituem um conjunto, mas podem dele fazer parte apenas uma a uma, pois cada uma \u00e9 uma exce\u00e7\u00e3o. Uma exce\u00e7\u00e3o que, ao se inscrever do lado do n\u00e3o-todo, subtrai-se, ao menos parcialmente, \u00e0 domina\u00e7\u00e3o f\u00e1lica e ao poder que a acompanha.<\/p>\n\n\n\n<p>\u00c9 interessante sublinhar o realce da histeriza\u00e7\u00e3o do discurso no tratamento anal\u00edtico e como, desde o in\u00edcio, o conceito de&nbsp;<em>n\u00e3o-todo<\/em>&nbsp;emerge dos aspectos in\u00e9ditos produzidos pelo Discurso do Analista<a href=\"applewebdata:\/\/3CB9D8F9-83A4-47F6-BD33-80260DA9A82E#_edn9\"><sup>[9]<\/sup><\/a>, um discurso que articula, pelo giro do discurso, exatamente o que, no discurso da hist\u00e9rica, permanece oculto abaixo da barra (a), raz\u00e3o pela qual ele imediatamente se apresenta em oposi\u00e7\u00e3o ao universal.<\/p>\n\n\n\n<p>Do mesmo modo, ao final de uma an\u00e1lise, como o indicam muitos depoimentos de passe, \u00e9 poss\u00edvel distinguir a posi\u00e7\u00e3o do analista como semblante de objeto (a), em analogia com a posi\u00e7\u00e3o feminina do&nbsp;S (<strong><\/strong>), significante inventado por cada ser falante para nomear um gozo ignorado pela cadeia significante, que margeia, sem tampon\u00e1-lo, o furo da foraclus\u00e3o feminina.<\/p>\n\n\n\n<p>Tradu\u00e7\u00e3o&nbsp;: Vera Avellar Ribeiro<\/p>\n\n\n\n<hr class=\"wp-block-separator\"\/>\n\n\n\n<p><a href=\"applewebdata:\/\/3CB9D8F9-83A4-47F6-BD33-80260DA9A82E#_ednref1\"><sup>[1]<\/sup><\/a>&nbsp;Significante mestre, saber, gozo e sujeito dividido.&nbsp;<\/p>\n\n\n\n<p><a href=\"applewebdata:\/\/3CB9D8F9-83A4-47F6-BD33-80260DA9A82E#_ednref2\"><sup>[2]<\/sup><\/a>&nbsp;Lacan, J.,&nbsp;<em>&nbsp;O Semin\u00e1rio<\/em>, livro 18&nbsp;:&nbsp;<em>de um discurso que n\u00e3o fosse semblante,&nbsp;&nbsp;<\/em>texto estabelecido por Jacques-Alain Miller, Rio de Janeiro, JZE, 2009, p. 24.<\/p>\n\n\n\n<p><a href=\"applewebdata:\/\/3CB9D8F9-83A4-47F6-BD33-80260DA9A82E#_ednref3\"><sup>[3]<\/sup><\/a>&nbsp;Lacan, J.,&nbsp;<em>O Semin\u00e1rio<\/em>, livro 16&nbsp;:&nbsp;<em>de um Outro ao outro<\/em>, texto estabelecido por Jacques-Alain Miller, Rio de Janeiro, JZE, 2008, p.324.<em><\/em><\/p>\n\n\n\n<p><a href=\"applewebdata:\/\/3CB9D8F9-83A4-47F6-BD33-80260DA9A82E#_ednref4\"><sup>[4]<\/sup><\/a>&nbsp;Idem, p. 373.<\/p>\n\n\n\n<p><a href=\"applewebdata:\/\/3CB9D8F9-83A4-47F6-BD33-80260DA9A82E#_ednref5\"><sup>[5]<\/sup><\/a>&nbsp;Lacan desenvolveu o conceito de \u00ab&nbsp;n\u00e3o-todo&nbsp;\u00bb principalmente nos&nbsp;<em>Semin\u00e1rios<\/em>&nbsp;19&nbsp;: \u2026<em>ou pior<\/em>&nbsp;&nbsp;e 20&nbsp;:&nbsp;<em>mais, ainda<\/em>&nbsp;e tamb\u00e9m em \u00ab&nbsp;O aturdito&nbsp;\u00bb.&nbsp;<\/p>\n\n\n\n<p><a href=\"applewebdata:\/\/3CB9D8F9-83A4-47F6-BD33-80260DA9A82E#_ednref6\"><sup>[6]<\/sup><\/a>&nbsp;Lacan, J.,&nbsp;<em>O Semin\u00e1rio<\/em>, livro 20&nbsp;:&nbsp;<em>mais, ainda,&nbsp;<\/em>texto estabelecido por Jacques-Alain Miller, Rio de Janeiro, JZE, 2008 (novo projeto), p. 91.&nbsp;<\/p>\n\n\n\n<p><a href=\"applewebdata:\/\/3CB9D8F9-83A4-47F6-BD33-80260DA9A82E#_ednref7\"><sup>[7]<\/sup><\/a>&nbsp;Brousse,&nbsp;M.-H.,&nbsp;<em>Mode de jouir au f\u00e9minin<\/em>, Navarin Editeur, 2020, p. 68.<\/p>\n\n\n\n<p><a href=\"applewebdata:\/\/3CB9D8F9-83A4-47F6-BD33-80260DA9A82E#_ednref8\"><sup>[8]<\/sup><\/a>&nbsp;Lacan, J.,&nbsp;<em>&nbsp;O Semin\u00e1rio<\/em>, livro 20&nbsp;:&nbsp;<em>mais, ainda<\/em>, texto estabelecido por Jacques-Alain Miller, Rio de Janeiro, JZE, 2008,&nbsp;p. 84.<\/p>\n\n\n\n<p><a href=\"applewebdata:\/\/3CB9D8F9-83A4-47F6-BD33-80260DA9A82E#_ednref9\"><sup>[9]<\/sup><\/a>&nbsp;Lacan, J.,<em>&nbsp;O Semin\u00e1rio<\/em>, livro 18&nbsp;:&nbsp;<em>de um discurso que n\u00e3o fosse semblante<\/em>, texto estabelecido por Jacques-Alain Miller, Rio de Janeiro, JZE, 2009,&nbsp;p. 120.<\/p>\n","protected":false},"excerpt":{"rendered":"<p>\u00ab Quando se trata de uma mulher, n\u00e3o \u00e9 a mesma coisa, porque a mulher tem uma enorme liberdade com o semblante \u00bb Lacan. J. &#8211; O Semin\u00e1rio, livro 18 : de um discurso que n\u00e3o fosse semblante,\u00a0\u00a0texto estabelecido por Jacques-Alain Miller, Rio de Janeiro, JZE, 2009, p. 34 Lacan, partindo da cl\u00ednica, objeto \u00fanico&hellip;&nbsp;<a href=\"https:\/\/www.grandesassisesamp2022.com\/pt-br\/inesgotavel-demanda-do-feminino-uma-questao-nao-apenas-de-mulheres\/\" class=\"\" rel=\"bookmark\">Read More &raquo;<span class=\"screen-reader-text\">Inesgot\u00e1vel demanda do feminino &#8211; uma quest\u00e3o n\u00e3o apenas de mulheres<\/span><\/a><\/p>\n","protected":false},"author":10,"featured_media":0,"comment_status":"open","ping_status":"open","sticky":false,"template":"","format":"standard","meta":{"neve_meta_sidebar":"","neve_meta_container":"","neve_meta_enable_content_width":"","neve_meta_content_width":0,"neve_meta_title_alignment":"","neve_meta_author_avatar":"","neve_post_elements_order":"","neve_meta_disable_header":"","neve_meta_disable_footer":"","neve_meta_disable_title":"","footnotes":""},"categories":[74],"tags":[],"class_list":["post-9925","post","type-post","status-publish","format-standard","hentry","category-argumentos"],"acf":[],"yoast_head":"<!-- This site is optimized with the Yoast SEO plugin v20.1 - https:\/\/yoast.com\/wordpress\/plugins\/seo\/ -->\n<title>Inesgot\u00e1vel demanda do feminino - uma quest\u00e3o n\u00e3o apenas de mulheres - Grandes assises AMP 2022<\/title>\n<meta name=\"robots\" content=\"index, follow, max-snippet:-1, max-image-preview:large, max-video-preview:-1\" \/>\n<link rel=\"canonical\" href=\"https:\/\/www.grandesassisesamp2022.com\/pt-br\/inesgotavel-demanda-do-feminino-uma-questao-nao-apenas-de-mulheres\/\" \/>\n<meta property=\"og:locale\" content=\"pt_BR\" \/>\n<meta property=\"og:type\" content=\"article\" \/>\n<meta property=\"og:title\" content=\"Inesgot\u00e1vel demanda do feminino - uma quest\u00e3o n\u00e3o apenas de mulheres - Grandes assises AMP 2022\" \/>\n<meta property=\"og:description\" content=\"\u00ab Quando se trata de uma mulher, n\u00e3o \u00e9 a mesma coisa, porque a mulher tem uma enorme liberdade com o semblante \u00bb Lacan. J. &#8211; O Semin\u00e1rio, livro 18 : de um discurso que n\u00e3o fosse semblante,\u00a0\u00a0texto estabelecido por Jacques-Alain Miller, Rio de Janeiro, JZE, 2009, p. 34 Lacan, partindo da cl\u00ednica, objeto \u00fanico&hellip;&nbsp;Read More &raquo;Inesgot\u00e1vel demanda do feminino &#8211; uma quest\u00e3o n\u00e3o apenas de mulheres\" \/>\n<meta property=\"og:url\" content=\"https:\/\/www.grandesassisesamp2022.com\/pt-br\/inesgotavel-demanda-do-feminino-uma-questao-nao-apenas-de-mulheres\/\" \/>\n<meta property=\"og:site_name\" content=\"Grandes assises AMP 2022\" \/>\n<meta property=\"article:published_time\" content=\"2021-09-04T16:56:12+00:00\" \/>\n<meta property=\"article:modified_time\" content=\"2021-09-17T19:18:09+00:00\" \/>\n<meta property=\"og:image\" content=\"\" \/>\n<meta name=\"author\" content=\"Aur\u00e9lie Flore-Pascal\" \/>\n<meta name=\"twitter:card\" content=\"summary_large_image\" \/>\n<meta name=\"twitter:label1\" content=\"Escrito por\" \/>\n\t<meta name=\"twitter:data1\" content=\"Eva Bocchiola\" \/>\n\t<meta name=\"twitter:label2\" content=\"Est. tempo de leitura\" \/>\n\t<meta name=\"twitter:data2\" content=\"6 minutos\" \/>\n<script type=\"application\/ld+json\" class=\"yoast-schema-graph\">{\"@context\":\"https:\/\/schema.org\",\"@graph\":[{\"@type\":\"WebPage\",\"@id\":\"https:\/\/www.grandesassisesamp2022.com\/pt-br\/inesgotavel-demanda-do-feminino-uma-questao-nao-apenas-de-mulheres\/\",\"url\":\"https:\/\/www.grandesassisesamp2022.com\/pt-br\/inesgotavel-demanda-do-feminino-uma-questao-nao-apenas-de-mulheres\/\",\"name\":\"Inesgot\u00e1vel demanda do feminino - uma quest\u00e3o n\u00e3o apenas de mulheres - Grandes assises AMP 2022\",\"isPartOf\":{\"@id\":\"https:\/\/www.grandesassisesamp2022.com\/#website\"},\"datePublished\":\"2021-09-04T16:56:12+00:00\",\"dateModified\":\"2021-09-17T19:18:09+00:00\",\"author\":{\"@id\":\"https:\/\/www.grandesassisesamp2022.com\/#\/schema\/person\/4a6e5cb4a42e15c71b1a14fab12507ad\"},\"breadcrumb\":{\"@id\":\"https:\/\/www.grandesassisesamp2022.com\/pt-br\/inesgotavel-demanda-do-feminino-uma-questao-nao-apenas-de-mulheres\/#breadcrumb\"},\"inLanguage\":\"pt-BR\",\"potentialAction\":[{\"@type\":\"ReadAction\",\"target\":[\"https:\/\/www.grandesassisesamp2022.com\/pt-br\/inesgotavel-demanda-do-feminino-uma-questao-nao-apenas-de-mulheres\/\"]}]},{\"@type\":\"BreadcrumbList\",\"@id\":\"https:\/\/www.grandesassisesamp2022.com\/pt-br\/inesgotavel-demanda-do-feminino-uma-questao-nao-apenas-de-mulheres\/#breadcrumb\",\"itemListElement\":[{\"@type\":\"ListItem\",\"position\":1,\"name\":\"Accueil\",\"item\":\"https:\/\/www.grandesassisesamp2022.com\/pt-br\/\"},{\"@type\":\"ListItem\",\"position\":2,\"name\":\"Inesgot\u00e1vel demanda do feminino &#8211; uma quest\u00e3o n\u00e3o apenas de mulheres\"}]},{\"@type\":\"WebSite\",\"@id\":\"https:\/\/www.grandesassisesamp2022.com\/#website\",\"url\":\"https:\/\/www.grandesassisesamp2022.com\/\",\"name\":\"Grandes assises AMP 2022\",\"description\":\"Paris\",\"potentialAction\":[{\"@type\":\"SearchAction\",\"target\":{\"@type\":\"EntryPoint\",\"urlTemplate\":\"https:\/\/www.grandesassisesamp2022.com\/?s={search_term_string}\"},\"query-input\":\"required name=search_term_string\"}],\"inLanguage\":\"pt-BR\"},{\"@type\":\"Person\",\"@id\":\"https:\/\/www.grandesassisesamp2022.com\/#\/schema\/person\/4a6e5cb4a42e15c71b1a14fab12507ad\",\"name\":\"Aur\u00e9lie Flore-Pascal\",\"image\":{\"@type\":\"ImageObject\",\"inLanguage\":\"pt-BR\",\"@id\":\"https:\/\/www.grandesassisesamp2022.com\/#\/schema\/person\/image\/\",\"url\":\"https:\/\/secure.gravatar.com\/avatar\/0182cb3d299d2931b2e76863acf5ea9c4267c3e23cd936785e375f5bdd15f2a1?s=96&d=mm&r=g\",\"contentUrl\":\"https:\/\/secure.gravatar.com\/avatar\/0182cb3d299d2931b2e76863acf5ea9c4267c3e23cd936785e375f5bdd15f2a1?s=96&d=mm&r=g\",\"caption\":\"Aur\u00e9lie Flore-Pascal\"},\"url\":\"\"}]}<\/script>\n<!-- \/ Yoast SEO plugin. -->","yoast_head_json":{"title":"Inesgot\u00e1vel demanda do feminino - uma quest\u00e3o n\u00e3o apenas de mulheres - Grandes assises AMP 2022","robots":{"index":"index","follow":"follow","max-snippet":"max-snippet:-1","max-image-preview":"max-image-preview:large","max-video-preview":"max-video-preview:-1"},"canonical":"https:\/\/www.grandesassisesamp2022.com\/pt-br\/inesgotavel-demanda-do-feminino-uma-questao-nao-apenas-de-mulheres\/","og_locale":"pt_BR","og_type":"article","og_title":"Inesgot\u00e1vel demanda do feminino - uma quest\u00e3o n\u00e3o apenas de mulheres - Grandes assises AMP 2022","og_description":"\u00ab Quando se trata de uma mulher, n\u00e3o \u00e9 a mesma coisa, porque a mulher tem uma enorme liberdade com o semblante \u00bb Lacan. J. &#8211; O Semin\u00e1rio, livro 18 : de um discurso que n\u00e3o fosse semblante,\u00a0\u00a0texto estabelecido por Jacques-Alain Miller, Rio de Janeiro, JZE, 2009, p. 34 Lacan, partindo da cl\u00ednica, objeto \u00fanico&hellip;&nbsp;Read More &raquo;Inesgot\u00e1vel demanda do feminino &#8211; uma quest\u00e3o n\u00e3o apenas de mulheres","og_url":"https:\/\/www.grandesassisesamp2022.com\/pt-br\/inesgotavel-demanda-do-feminino-uma-questao-nao-apenas-de-mulheres\/","og_site_name":"Grandes assises AMP 2022","article_published_time":"2021-09-04T16:56:12+00:00","article_modified_time":"2021-09-17T19:18:09+00:00","og_image":[{"url":"blob:https:\/\/www.grandesassisesamp2022.com\/b7bb4be8-f291-476c-ba01-6ee12208111a"}],"author":"Aur\u00e9lie Flore-Pascal","twitter_card":"summary_large_image","twitter_misc":{"Escrito por":"Eva Bocchiola","Est. tempo de leitura":"6 minutos"},"schema":{"@context":"https:\/\/schema.org","@graph":[{"@type":"WebPage","@id":"https:\/\/www.grandesassisesamp2022.com\/pt-br\/inesgotavel-demanda-do-feminino-uma-questao-nao-apenas-de-mulheres\/","url":"https:\/\/www.grandesassisesamp2022.com\/pt-br\/inesgotavel-demanda-do-feminino-uma-questao-nao-apenas-de-mulheres\/","name":"Inesgot\u00e1vel demanda do feminino - uma quest\u00e3o n\u00e3o apenas de mulheres - Grandes assises AMP 2022","isPartOf":{"@id":"https:\/\/www.grandesassisesamp2022.com\/#website"},"datePublished":"2021-09-04T16:56:12+00:00","dateModified":"2021-09-17T19:18:09+00:00","author":{"@id":"https:\/\/www.grandesassisesamp2022.com\/#\/schema\/person\/4a6e5cb4a42e15c71b1a14fab12507ad"},"breadcrumb":{"@id":"https:\/\/www.grandesassisesamp2022.com\/pt-br\/inesgotavel-demanda-do-feminino-uma-questao-nao-apenas-de-mulheres\/#breadcrumb"},"inLanguage":"pt-BR","potentialAction":[{"@type":"ReadAction","target":["https:\/\/www.grandesassisesamp2022.com\/pt-br\/inesgotavel-demanda-do-feminino-uma-questao-nao-apenas-de-mulheres\/"]}]},{"@type":"BreadcrumbList","@id":"https:\/\/www.grandesassisesamp2022.com\/pt-br\/inesgotavel-demanda-do-feminino-uma-questao-nao-apenas-de-mulheres\/#breadcrumb","itemListElement":[{"@type":"ListItem","position":1,"name":"Accueil","item":"https:\/\/www.grandesassisesamp2022.com\/pt-br\/"},{"@type":"ListItem","position":2,"name":"Inesgot\u00e1vel demanda do feminino &#8211; uma quest\u00e3o n\u00e3o apenas de mulheres"}]},{"@type":"WebSite","@id":"https:\/\/www.grandesassisesamp2022.com\/#website","url":"https:\/\/www.grandesassisesamp2022.com\/","name":"Grandes assises AMP 2022","description":"Paris","potentialAction":[{"@type":"SearchAction","target":{"@type":"EntryPoint","urlTemplate":"https:\/\/www.grandesassisesamp2022.com\/?s={search_term_string}"},"query-input":"required name=search_term_string"}],"inLanguage":"pt-BR"},{"@type":"Person","@id":"https:\/\/www.grandesassisesamp2022.com\/#\/schema\/person\/4a6e5cb4a42e15c71b1a14fab12507ad","name":"Aur\u00e9lie Flore-Pascal","image":{"@type":"ImageObject","inLanguage":"pt-BR","@id":"https:\/\/www.grandesassisesamp2022.com\/#\/schema\/person\/image\/","url":"https:\/\/secure.gravatar.com\/avatar\/0182cb3d299d2931b2e76863acf5ea9c4267c3e23cd936785e375f5bdd15f2a1?s=96&d=mm&r=g","contentUrl":"https:\/\/secure.gravatar.com\/avatar\/0182cb3d299d2931b2e76863acf5ea9c4267c3e23cd936785e375f5bdd15f2a1?s=96&d=mm&r=g","caption":"Aur\u00e9lie Flore-Pascal"},"url":""}]}},"_links":{"self":[{"href":"https:\/\/www.grandesassisesamp2022.com\/pt-br\/wp-json\/wp\/v2\/posts\/9925","targetHints":{"allow":["GET"]}}],"collection":[{"href":"https:\/\/www.grandesassisesamp2022.com\/pt-br\/wp-json\/wp\/v2\/posts"}],"about":[{"href":"https:\/\/www.grandesassisesamp2022.com\/pt-br\/wp-json\/wp\/v2\/types\/post"}],"author":[{"embeddable":true,"href":"https:\/\/www.grandesassisesamp2022.com\/pt-br\/wp-json\/wp\/v2\/users\/10"}],"replies":[{"embeddable":true,"href":"https:\/\/www.grandesassisesamp2022.com\/pt-br\/wp-json\/wp\/v2\/comments?post=9925"}],"version-history":[{"count":1,"href":"https:\/\/www.grandesassisesamp2022.com\/pt-br\/wp-json\/wp\/v2\/posts\/9925\/revisions"}],"predecessor-version":[{"id":9926,"href":"https:\/\/www.grandesassisesamp2022.com\/pt-br\/wp-json\/wp\/v2\/posts\/9925\/revisions\/9926"}],"wp:attachment":[{"href":"https:\/\/www.grandesassisesamp2022.com\/pt-br\/wp-json\/wp\/v2\/media?parent=9925"}],"wp:term":[{"taxonomy":"category","embeddable":true,"href":"https:\/\/www.grandesassisesamp2022.com\/pt-br\/wp-json\/wp\/v2\/categories?post=9925"},{"taxonomy":"post_tag","embeddable":true,"href":"https:\/\/www.grandesassisesamp2022.com\/pt-br\/wp-json\/wp\/v2\/tags?post=9925"}],"curies":[{"name":"wp","href":"https:\/\/api.w.org\/{rel}","templated":true}]}}