{"id":9912,"date":"2021-09-08T18:30:47","date_gmt":"2021-09-08T16:30:47","guid":{"rendered":"https:\/\/www.grandesassisesamp2022.com\/?p=9912"},"modified":"2021-09-17T21:25:26","modified_gmt":"2021-09-17T19:25:26","slug":"nuances-do-feminino","status":"publish","type":"post","link":"https:\/\/www.grandesassisesamp2022.com\/pt-br\/nuances-do-feminino\/","title":{"rendered":"Nuances do feminino"},"content":{"rendered":"\n<p>O argumento da \u201cGrande Conversa\u00e7\u00e3o Internacional AMP 2022\u201d come\u00e7a com uma met\u00e1fora: \u201cum vento soprou\u201d. De fato, \u201cA mulher n\u00e3o existe\u201d levanta um v\u00e9u, somos interrogados e interrogamos, os analistas comprometeram-se a conversar.<\/p>\n\n\n\n<p>Na pluralidade do \u201cargumento n\u00e3o-todo\u201d, um detalhe orientou minha leitura, a exist\u00eancia de cinco subt\u00edtulos; em cada um deles se l\u00ea, a um s\u00f3 tempo, um impasse cl\u00ednico-pol\u00edtico e a maneira de se sair dele.<\/p>\n\n\n\n<p>A via do sintoma, tal como a entendo, aparece como sendo a melhor maneira. Para Christiane Alberti, o sintoma \u00e9 \u201ca via que nos feminiza\u201d. Sim!<\/p>\n\n\n\n<p>Para onde nos levar\u00e3o esses ventos?<\/p>\n\n\n\n<p>Na vida contempor\u00e2nea, o novo aparece segundo os modos pelo qual o significante se coletiviza, por seu valor de tamp\u00e3o imagin\u00e1rio-narc\u00edsico. O uso da linguagem \u201cisto se mant\u00e9m l\u00e1, \u00e0 parte, constitu\u00eddo ao correr das eras\u201d<a href=\"applewebdata:\/\/95FCC4FE-4F0C-479D-AFA9-983BFE7CB415#_edn1\"><sup>[1]<\/sup><\/a>, n\u00e3o se promove hoje por meio de um la\u00e7o sintom\u00e1tico. Que consequ\u00eancias podemos tirar desses significantes-mestres em sua pretens\u00e3o de adormecer e eclipsar&nbsp;<em>lal\u00edngua<\/em>&nbsp;alojada em um sintoma?<\/p>\n\n\n\n<p>Irei me orientar pela tr\u00edpode: fala, gozo e amor.<\/p>\n\n\n\n<p><strong>Viver na fala<\/strong><\/p>\n\n\n\n<p>Esta interroga\u00e7\u00e3o de Jacques Lacan \u00e9 primordial: \u201cPor que n\u00e3o dizer aqui que o fato de que tudo o que \u00e9 analis\u00e1vel \u00e9 sexual n\u00e3o implica que tudo o que \u00e9 sexual seja acess\u00edvel \u00e0 an\u00e1lise?\u201d<a href=\"applewebdata:\/\/95FCC4FE-4F0C-479D-AFA9-983BFE7CB415#_edn2\"><sup>[2]<\/sup><\/a>&nbsp;A \u201cparte mulher\u201d no sexual j\u00e1 estava a caminho. A linguagem funciona desde sempre como supl\u00eancia ao gozo sexual, como enquadre diante da intrus\u00e3o do gozo no corpo.<\/p>\n\n\n\n<p>\u201cOnde isso fala, isso goza\u201d<a href=\"applewebdata:\/\/95FCC4FE-4F0C-479D-AFA9-983BFE7CB415#_edn3\"><sup>[3]<\/sup><\/a>&nbsp;\u00e9 um axioma radical, o significante \u00e9 pensado \u201cno n\u00edvel da subst\u00e2ncia gozante\u201d<a href=\"applewebdata:\/\/95FCC4FE-4F0C-479D-AFA9-983BFE7CB415#_edn4\"><sup>[4]<\/sup><\/a>. Ele n\u00e3o mais se reduz a um resto de gozo, mas \u00e9 a sua causa. Por essa raz\u00e3o, ele se arranja bem com o \u201cgozo feminino\u201d, trata-se de uma \u201csubst\u00e2ncia corporal\u201d. A partir da\u00ed aparecem a l\u00f3gica e a incid\u00eancia da fala.<\/p>\n\n\n\n<p><strong>A exig\u00eancia l\u00f3gica da fala<\/strong><\/p>\n\n\n\n<p>\u00c9 no momento em que o discurso feminista atinge o seu apogeu que Lacan lan\u00e7a o seu pr\u00f3prio&nbsp;<em>impasse<\/em>&nbsp;sobre a quest\u00e3o da sexualidade feminina. Aos 70 anos, ele se endere\u00e7a especialmente \u00e0s analistas mulheres! Sustentado pelo dizer N\u00e3o-Todo delas, Lacan dir\u00e1 que a causa est\u00e1 \u201cligada \u00e0 estrutura do aparelho de gozo\u201d<a href=\"applewebdata:\/\/95FCC4FE-4F0C-479D-AFA9-983BFE7CB415#_edn5\"><sup>[5]<\/sup><\/a>&nbsp;no gozo pr\u00f3prio de cada sexo.&nbsp;<\/p>\n\n\n\n<p>A linguagem que agita o corpo falante se apresenta, no homem, como um gozo finito, completo, designado como gozo f\u00e1lico, ao passo que, na mulher, trata-se de um gozo infinito, menos localizado. O que quer dizer que se trata de um gozo dif\u00edcil de ser apreendido.<\/p>\n\n\n\n<p>Considerando a impossibilidade l\u00f3gica de fazer \u201cdas mulheres\u201d um conjunto Um-Todo, \u201co ser sexuado dessas mulheres n\u00e3o-todas n\u00e3o passa pelo corpo, \u201cmas pelo que resulta de uma exig\u00eancia l\u00f3gica na fala\u201d<a href=\"applewebdata:\/\/95FCC4FE-4F0C-479D-AFA9-983BFE7CB415#_edn6\"><sup>[6]<\/sup><\/a>.<\/p>\n\n\n\n<p>\u00c9 um ponto de viragem decisivo! Ele permanece atual e nos ensina \u201ca exig\u00eancia l\u00f3gica da fala\u201d. O sintagma&nbsp;<em>parceiro-sintoma<\/em>, proposto por J.-A Miller, abre a perspectiva dessa exig\u00eancia na rela\u00e7\u00e3o da fala de amor com o gozo feminino. Um paradoxo dif\u00edcil de ser resolvido! Ele se apresenta entre o infinito deslocalizado e um dizer N\u00e3o-todo, representado pela barra do significante que recai sobre&nbsp;<em>A Mulher<\/em>. Do lado feminino, a rela\u00e7\u00e3o com a finitude \u00e9 contingente, ela depende do encontro \u201cdo amor\u201d<a href=\"applewebdata:\/\/95FCC4FE-4F0C-479D-AFA9-983BFE7CB415#_edn7\"><sup>[7]<\/sup><\/a>&nbsp;sob a forma erot\u00f4mana. E logo&#8230;<\/p>\n\n\n\n<p><strong>Saber-se mulher<\/strong><\/p>\n\n\n\n<p>\u201cH\u00e1 alguma coisa que falha no que diz respeito ao amor quando este \u00e9 confrontado com o gozo\u201d<a href=\"applewebdata:\/\/95FCC4FE-4F0C-479D-AFA9-983BFE7CB415#_edn8\"><sup>[8]<\/sup><\/a>. Para o homem, o ser como completo faz Um, ele dispensa a fala em sua satisfa\u00e7\u00e3o, ela \u201cfica fora do jogo\u201d<a href=\"applewebdata:\/\/95FCC4FE-4F0C-479D-AFA9-983BFE7CB415#_edn9\"><sup>[9]<\/sup><\/a>. Por outro lado, para uma mulher, \u201ca fala do Outro \u00e9 um elemento intr\u00ednseco ao gozo\u201d<a href=\"applewebdata:\/\/95FCC4FE-4F0C-479D-AFA9-983BFE7CB415#_edn10\"><sup>[10]<\/sup><\/a>. Na mulher, o amor e o gozo se articulam, ela precisa de um Outro que fale com ela para que ela possa se reconhecer como objeto de desejo. Um Outro encarnado \u201ccomo ser sexuado\u201d<a href=\"applewebdata:\/\/95FCC4FE-4F0C-479D-AFA9-983BFE7CB415#_edn11\"><sup>[11]<\/sup><\/a>, que exige o \u201cuma a uma\u201d.<\/p>\n\n\n\n<p>Como apreender, ent\u00e3o, esse \u201calguma coisa\u201d do significante que \u00e9 a causa material do gozo? A resposta \u00e9 categ\u00f3rica, \u201co significante \u00e9 aquilo que faz alto ao gozo\u201d<a href=\"applewebdata:\/\/95FCC4FE-4F0C-479D-AFA9-983BFE7CB415#_edn12\"><sup>[12]<\/sup><\/a>, \u00e9 o fundamento do Significante do Outro barrado. Esse gozo \u2013 do Outro barrado \u2013 apresentado como gozo suplementar, tem duas faces. J.-A Miller as apresenta assim: uma \u00e9 o \u201cgozo do corpo na medida em que ele n\u00e3o se limita ao \u00f3rg\u00e3o f\u00e1lico\u201d<a href=\"applewebdata:\/\/95FCC4FE-4F0C-479D-AFA9-983BFE7CB415#_edn13\"><sup>[13]<\/sup><\/a>, ele \u00e9 infinito. A outra se situa no \u201cgozo da fala\u201d<a href=\"applewebdata:\/\/95FCC4FE-4F0C-479D-AFA9-983BFE7CB415#_edn14\"><sup>[14]<\/sup><\/a>. 14 Parece-me que \u00e9 nessa dire\u00e7\u00e3o que se pode responder ao paradoxo entre o infinito e o N\u00e3o-todo.<\/p>\n\n\n\n<p>No gozo feminino, o amor est\u00e1 ligado ao Outro sem ser dominado pela puls\u00e3o. Ele se liga ao Outro enquanto inconsistente, incompleto. \u201cSaber-se mulher\u201d<a href=\"applewebdata:\/\/95FCC4FE-4F0C-479D-AFA9-983BFE7CB415#_edn15\"><sup>[15]<\/sup><\/a>&nbsp;n\u00e3o a implica em um saber sobre o seu gozo, mas \u00e9 por sua Alteridade que ela se sabe.<\/p>\n\n\n\n<p>Nosso encontro com \u201cA mulher que n\u00e3o existe\u201d indica que n\u00e3o h\u00e1 Outro que responda como&nbsp;<em>parceiro&nbsp;<\/em>mais do que um gozo<em>.&nbsp;<\/em>Essa \u00e9 a raz\u00e3o pela qual Lacan ir\u00e1 precisar mais tarde que h\u00e1 \u201cum&nbsp;<em>sinthoma<\/em>&nbsp;e um&nbsp;<em>sinthoma<\/em>&nbsp;ela, o que resta da rela\u00e7\u00e3o sexual\u201d<a href=\"applewebdata:\/\/95FCC4FE-4F0C-479D-AFA9-983BFE7CB415#_edn16\"><sup>[16]<\/sup><\/a>.<\/p>\n\n\n\n<p>Junho 2021<\/p>\n\n\n\n<p>Tradu\u00e7\u00e3o: Adela Bande-Alcantud e Claudia Vilela<\/p>\n\n\n\n<p>Releitura: Eliane Calvet<\/p>\n\n\n\n<p>Tradu\u00e7\u00e3o franc\u00eas-portugu\u00eas: Yolanda Vilela<\/p>\n\n\n\n<hr class=\"wp-block-separator\"\/>\n\n\n\n<p><a href=\"applewebdata:\/\/95FCC4FE-4F0C-479D-AFA9-983BFE7CB415#_ednref1\"><sup>[1]<\/sup><\/a>&nbsp;Lacan, J.,&nbsp;<em>O Semin\u00e1rio, livro 20: mais, ainda<\/em>, Rio de Janeiro, JZE, 2008, p. 10.<\/p>\n\n\n\n<p><a href=\"applewebdata:\/\/95FCC4FE-4F0C-479D-AFA9-983BFE7CB415#_ednref2\"><sup>[2]<\/sup><\/a>&nbsp;Lacan, J., \u201cDiretrizes para um Congresso sobre a sexualidade feminina\u201d, In,&nbsp;<em>Escritos<\/em>, Rio de Janeiro, JZE, 1998, p. 739.&nbsp;<\/p>\n\n\n\n<p><a href=\"applewebdata:\/\/95FCC4FE-4F0C-479D-AFA9-983BFE7CB415#_ednref3\"><sup>[3]<\/sup><\/a>&nbsp;Lacan, J.,&nbsp;&nbsp;<em>O Semin\u00e1rio, livro 20: mais, ainda<\/em>, Rio de Janeiro, JZE, 2008, p. 123.<\/p>\n\n\n\n<p><a href=\"applewebdata:\/\/95FCC4FE-4F0C-479D-AFA9-983BFE7CB415#_ednref4\"><sup>[4]<\/sup><\/a>&nbsp;Lacan, J.,&nbsp;<em>O Semin\u00e1rio, livro 20: mais, ainda<\/em>, Rio de Janeiro, JZE, 2008, p. 29.<\/p>\n\n\n\n<p><a href=\"applewebdata:\/\/95FCC4FE-4F0C-479D-AFA9-983BFE7CB415#_ednref5\"><sup>[5]<\/sup><\/a>&nbsp;LACAN, J.&nbsp;<em>O Semin\u00e1rio, livro 20: mais, ainda<\/em>. Rio de Janeiro: Zahar, 2008, p. 64.<\/p>\n\n\n\n<p><a href=\"applewebdata:\/\/95FCC4FE-4F0C-479D-AFA9-983BFE7CB415#_ednref6\"><sup>[6]<\/sup><\/a>&nbsp;LACAN, J.&nbsp;<em>O Semin\u00e1rio, livro 20: mais, ainda<\/em>. Rio de Janeiro: Zahar, 2008, p. 16-17.<\/p>\n\n\n\n<p><a href=\"applewebdata:\/\/95FCC4FE-4F0C-479D-AFA9-983BFE7CB415#_ednref7\"><sup>[7]<\/sup><\/a>&nbsp;MILLER, J.-A. Curso&nbsp;<em>A Orienta\u00e7\u00e3o Lacaniana:<\/em>&nbsp;<em>O parceiro-sintoma<\/em>, li\u00e7\u00e3o do dia 1\u00ba abril 1998 n. 14, in\u00e9dito, p. 189 do PDF.&nbsp;Site de Jonathan Leroy:&nbsp;<a href=\"http:\/\/jonathanleroy.be\/2020\/12\/orientation-lacanienne-jacques-alain-miller\/\">http:\/\/jonathanleroy.be\/2020\/12\/orientation-lacanienne-jacques-alain-miller\/<\/a><\/p>\n\n\n\n<p><a href=\"applewebdata:\/\/95FCC4FE-4F0C-479D-AFA9-983BFE7CB415#_ednref8\"><sup>[8]<\/sup><\/a>&nbsp;MILLER, J.-A. Curso&nbsp;<em>A Orienta\u00e7\u00e3o Lacaniana:<\/em>&nbsp;<em>O parceiro-sintoma<\/em>, li\u00e7\u00e3o do dia 14 janeiro 1998 n. 7, in\u00e9dito, p. 92 do PDF. Site de Jonathan Leroy:&nbsp;<a href=\"http:\/\/jonathanleroy.be\/2020\/12\/orientation-lacanienne-jacques-alain-miller\/\">http:\/\/jonathanleroy.be\/2020\/12\/orientation-lacanienne-jacques-alain-miller\/<\/a><\/p>\n\n\n\n<p><a href=\"applewebdata:\/\/95FCC4FE-4F0C-479D-AFA9-983BFE7CB415#_ednref9\"><sup>[9]<\/sup><\/a>&nbsp;MILLER, J.-A. Curso&nbsp;<em>A Orienta\u00e7\u00e3o Lacaniana:<\/em>&nbsp;<em>O parceiro-sintoma<\/em>, li\u00e7\u00e3o do dia 1\u00ba abril 1998 n. 14, in\u00e9dito, p. 192 do PDF. Site de Jonathan Leroy:&nbsp;<a href=\"http:\/\/jonathanleroy.be\/2020\/12\/orientation-lacanienne-jacques-alain-miller\/\">http:\/\/jonathanleroy.be\/2020\/12\/orientation-lacanienne-jacques-alain-miller\/<\/a><\/p>\n\n\n\n<p><a href=\"applewebdata:\/\/95FCC4FE-4F0C-479D-AFA9-983BFE7CB415#_ednref10\"><sup>[10]<\/sup><\/a>&nbsp;MILLER, J.-A. Curso&nbsp;<em>A Orienta\u00e7\u00e3o Lacaniana:<\/em>&nbsp;<em>O parceiro-sintoma<\/em>, li\u00e7\u00e3o do dia 1\u00ba abril 1998 n. 14, in\u00e9dito, p. 192 do PDF. Site de Jonathan Leroy:&nbsp;<a href=\"http:\/\/jonathanleroy.be\/2020\/12\/orientation-lacanienne-jacques-alain-miller\/\">http:\/\/jonathanleroy.be\/2020\/12\/orientation-lacanienne-jacques-alain-miller\/<\/a><\/p>\n\n\n\n<p><a href=\"applewebdata:\/\/95FCC4FE-4F0C-479D-AFA9-983BFE7CB415#_ednref11\"><sup>[11]<\/sup><\/a>&nbsp;MILLER, J.-A. Curso&nbsp;<em>A Orienta\u00e7\u00e3o Lacaniana:<\/em>&nbsp;<em>O parceiro-sintoma<\/em>, li\u00e7\u00e3o do dia 1\u00ba abril 1998 n. 14, in\u00e9dito, p. 193 do PDF. Site de Jonathan Leroy:&nbsp;<a href=\"http:\/\/jonathanleroy.be\/2020\/12\/orientation-lacanienne-jacques-alain-miller\/\">http:\/\/jonathanleroy.be\/2020\/12\/orientation-lacanienne-jacques-alain-miller\/<\/a><\/p>\n\n\n\n<p><a href=\"applewebdata:\/\/95FCC4FE-4F0C-479D-AFA9-983BFE7CB415#_ednref12\"><sup>[12]<\/sup><\/a>&nbsp;LACAN, J.&nbsp;<em>O Semin\u00e1rio, livro 20: mais, ainda<\/em>. Rio de Janeiro: Zahar, 2008, p. 30.<\/p>\n\n\n\n<p><a href=\"applewebdata:\/\/95FCC4FE-4F0C-479D-AFA9-983BFE7CB415#_ednref13\"><sup>[13]<\/sup><\/a>&nbsp;MILLER, J.-A. Curso&nbsp;<em>A Orienta\u00e7\u00e3o Lacaniana:<\/em>&nbsp;<em>O parceiro-sintoma<\/em>, li\u00e7\u00e3o do dia 1\u00ba abril 1998 n. 14, in\u00e9dito, p. 193 do PDF. Site de Jonathan Leroy:&nbsp;<a href=\"http:\/\/jonathanleroy.be\/2020\/12\/orientation-lacanienne-jacques-alain-miller\/\">http:\/\/jonathanleroy.be\/2020\/12\/orientation-lacanienne-jacques-alain-miller\/<\/a><\/p>\n\n\n\n<p><a href=\"applewebdata:\/\/95FCC4FE-4F0C-479D-AFA9-983BFE7CB415#_ednref14\"><sup>[14]<\/sup><\/a>&nbsp;MILLER, J.-A. Curso&nbsp;<em>A Orienta\u00e7\u00e3o Lacaniana:<\/em>&nbsp;<em>O parceiro-sintoma<\/em>, li\u00e7\u00e3o do dia 1\u00ba abril 1998 n. 14, in\u00e9dito, p. 193 do PDF. Site de Jonathan Leroy:&nbsp;<a href=\"http:\/\/jonathanleroy.be\/2020\/12\/orientation-lacanienne-jacques-alain-miller\/\">http:\/\/jonathanleroy.be\/2020\/12\/orientation-lacanienne-jacques-alain-miller\/<\/a><\/p>\n\n\n\n<p><a href=\"applewebdata:\/\/95FCC4FE-4F0C-479D-AFA9-983BFE7CB415#_ednref15\"><sup>[15]<\/sup><\/a>&nbsp;MILLER, J.-A. Curso&nbsp;<em>A Orienta\u00e7\u00e3o Lacaniana:<\/em>&nbsp;<em>Pe\u00e7as soltas<\/em>, li\u00e7\u00e3o do dia 1\u00ba de junho 2005 n. 19, in\u00e9dito, [Interven\u00e7\u00e3o de Eric Laurent], p. 253 do PDF.&nbsp;Site de Jonathan Leroy:&nbsp;<a href=\"http:\/\/jonathanleroy.be\/2020\/12\/orientation-lacanienne-jacques-alain-miller\/\">http:\/\/jonathanleroy.be\/2020\/12\/orientation-lacanienne-jacques-alain-miller\/<\/a><\/p>\n\n\n\n<p><a href=\"applewebdata:\/\/95FCC4FE-4F0C-479D-AFA9-983BFE7CB415#_ednref16\"><sup>[16]<\/sup><\/a>&nbsp;LACAN, J.&nbsp;<em>9\u00ba<sup>&nbsp;&nbsp;<\/sup>Congresso da Escola Freudiana de Paris sobre \u201cA transmiss\u00e3o\u201d,&nbsp;<\/em>publicado em&nbsp;<em>Lettres de l\u2019\u00c9cole,&nbsp;<\/em>1979, n<sup>.&nbsp;<\/sup>25, vol.&nbsp;II, pp. 219-220<em>.<\/em><\/p>\n","protected":false},"excerpt":{"rendered":"<p>O argumento da \u201cGrande Conversa\u00e7\u00e3o Internacional AMP 2022\u201d come\u00e7a com uma met\u00e1fora: \u201cum vento soprou\u201d. De fato, \u201cA mulher n\u00e3o existe\u201d levanta um v\u00e9u, somos interrogados e interrogamos, os analistas comprometeram-se a conversar. Na pluralidade do \u201cargumento n\u00e3o-todo\u201d, um detalhe orientou minha leitura, a exist\u00eancia de cinco subt\u00edtulos; em cada um deles se l\u00ea, a&hellip;&nbsp;<a href=\"https:\/\/www.grandesassisesamp2022.com\/pt-br\/nuances-do-feminino\/\" class=\"\" rel=\"bookmark\">Read More &raquo;<span class=\"screen-reader-text\">Nuances do feminino<\/span><\/a><\/p>\n","protected":false},"author":10,"featured_media":0,"comment_status":"open","ping_status":"open","sticky":false,"template":"","format":"standard","meta":{"neve_meta_sidebar":"","neve_meta_container":"","neve_meta_enable_content_width":"","neve_meta_content_width":0,"neve_meta_title_alignment":"","neve_meta_author_avatar":"","neve_post_elements_order":"","neve_meta_disable_header":"","neve_meta_disable_footer":"","neve_meta_disable_title":"","footnotes":""},"categories":[74],"tags":[],"class_list":["post-9912","post","type-post","status-publish","format-standard","hentry","category-argumentos"],"acf":[],"yoast_head":"<!-- This site is optimized with the Yoast SEO plugin v20.1 - https:\/\/yoast.com\/wordpress\/plugins\/seo\/ -->\n<title>Nuances do feminino - Grandes assises AMP 2022<\/title>\n<meta name=\"robots\" content=\"index, follow, max-snippet:-1, max-image-preview:large, max-video-preview:-1\" \/>\n<link rel=\"canonical\" href=\"https:\/\/www.grandesassisesamp2022.com\/pt-br\/nuances-do-feminino\/\" \/>\n<meta property=\"og:locale\" content=\"pt_BR\" \/>\n<meta property=\"og:type\" content=\"article\" \/>\n<meta property=\"og:title\" content=\"Nuances do feminino - Grandes assises AMP 2022\" \/>\n<meta property=\"og:description\" content=\"O argumento da \u201cGrande Conversa\u00e7\u00e3o Internacional AMP 2022\u201d come\u00e7a com uma met\u00e1fora: \u201cum vento soprou\u201d. De fato, \u201cA mulher n\u00e3o existe\u201d levanta um v\u00e9u, somos interrogados e interrogamos, os analistas comprometeram-se a conversar. Na pluralidade do \u201cargumento n\u00e3o-todo\u201d, um detalhe orientou minha leitura, a exist\u00eancia de cinco subt\u00edtulos; em cada um deles se l\u00ea, a&hellip;&nbsp;Read More &raquo;Nuances do feminino\" \/>\n<meta property=\"og:url\" content=\"https:\/\/www.grandesassisesamp2022.com\/pt-br\/nuances-do-feminino\/\" \/>\n<meta property=\"og:site_name\" content=\"Grandes assises AMP 2022\" \/>\n<meta property=\"article:published_time\" content=\"2021-09-08T16:30:47+00:00\" \/>\n<meta property=\"article:modified_time\" content=\"2021-09-17T19:25:26+00:00\" \/>\n<meta name=\"author\" content=\"Aur\u00e9lie Flore-Pascal\" \/>\n<meta name=\"twitter:card\" content=\"summary_large_image\" \/>\n<meta name=\"twitter:label1\" content=\"Escrito por\" \/>\n\t<meta name=\"twitter:data1\" content=\"D\u00e9bora Nitzcaner\" \/>\n\t<meta name=\"twitter:label2\" content=\"Est. tempo de leitura\" \/>\n\t<meta name=\"twitter:data2\" content=\"7 minutos\" \/>\n<script type=\"application\/ld+json\" class=\"yoast-schema-graph\">{\"@context\":\"https:\/\/schema.org\",\"@graph\":[{\"@type\":\"WebPage\",\"@id\":\"https:\/\/www.grandesassisesamp2022.com\/pt-br\/nuances-do-feminino\/\",\"url\":\"https:\/\/www.grandesassisesamp2022.com\/pt-br\/nuances-do-feminino\/\",\"name\":\"Nuances do feminino - Grandes assises AMP 2022\",\"isPartOf\":{\"@id\":\"https:\/\/www.grandesassisesamp2022.com\/#website\"},\"datePublished\":\"2021-09-08T16:30:47+00:00\",\"dateModified\":\"2021-09-17T19:25:26+00:00\",\"author\":{\"@id\":\"https:\/\/www.grandesassisesamp2022.com\/#\/schema\/person\/4a6e5cb4a42e15c71b1a14fab12507ad\"},\"breadcrumb\":{\"@id\":\"https:\/\/www.grandesassisesamp2022.com\/pt-br\/nuances-do-feminino\/#breadcrumb\"},\"inLanguage\":\"pt-BR\",\"potentialAction\":[{\"@type\":\"ReadAction\",\"target\":[\"https:\/\/www.grandesassisesamp2022.com\/pt-br\/nuances-do-feminino\/\"]}]},{\"@type\":\"BreadcrumbList\",\"@id\":\"https:\/\/www.grandesassisesamp2022.com\/pt-br\/nuances-do-feminino\/#breadcrumb\",\"itemListElement\":[{\"@type\":\"ListItem\",\"position\":1,\"name\":\"Accueil\",\"item\":\"https:\/\/www.grandesassisesamp2022.com\/pt-br\/\"},{\"@type\":\"ListItem\",\"position\":2,\"name\":\"Nuances do feminino\"}]},{\"@type\":\"WebSite\",\"@id\":\"https:\/\/www.grandesassisesamp2022.com\/#website\",\"url\":\"https:\/\/www.grandesassisesamp2022.com\/\",\"name\":\"Grandes assises AMP 2022\",\"description\":\"Paris\",\"potentialAction\":[{\"@type\":\"SearchAction\",\"target\":{\"@type\":\"EntryPoint\",\"urlTemplate\":\"https:\/\/www.grandesassisesamp2022.com\/?s={search_term_string}\"},\"query-input\":\"required name=search_term_string\"}],\"inLanguage\":\"pt-BR\"},{\"@type\":\"Person\",\"@id\":\"https:\/\/www.grandesassisesamp2022.com\/#\/schema\/person\/4a6e5cb4a42e15c71b1a14fab12507ad\",\"name\":\"Aur\u00e9lie Flore-Pascal\",\"image\":{\"@type\":\"ImageObject\",\"inLanguage\":\"pt-BR\",\"@id\":\"https:\/\/www.grandesassisesamp2022.com\/#\/schema\/person\/image\/\",\"url\":\"https:\/\/secure.gravatar.com\/avatar\/0182cb3d299d2931b2e76863acf5ea9c4267c3e23cd936785e375f5bdd15f2a1?s=96&d=mm&r=g\",\"contentUrl\":\"https:\/\/secure.gravatar.com\/avatar\/0182cb3d299d2931b2e76863acf5ea9c4267c3e23cd936785e375f5bdd15f2a1?s=96&d=mm&r=g\",\"caption\":\"Aur\u00e9lie Flore-Pascal\"},\"url\":\"\"}]}<\/script>\n<!-- \/ Yoast SEO plugin. -->","yoast_head_json":{"title":"Nuances do feminino - Grandes assises AMP 2022","robots":{"index":"index","follow":"follow","max-snippet":"max-snippet:-1","max-image-preview":"max-image-preview:large","max-video-preview":"max-video-preview:-1"},"canonical":"https:\/\/www.grandesassisesamp2022.com\/pt-br\/nuances-do-feminino\/","og_locale":"pt_BR","og_type":"article","og_title":"Nuances do feminino - Grandes assises AMP 2022","og_description":"O argumento da \u201cGrande Conversa\u00e7\u00e3o Internacional AMP 2022\u201d come\u00e7a com uma met\u00e1fora: \u201cum vento soprou\u201d. De fato, \u201cA mulher n\u00e3o existe\u201d levanta um v\u00e9u, somos interrogados e interrogamos, os analistas comprometeram-se a conversar. Na pluralidade do \u201cargumento n\u00e3o-todo\u201d, um detalhe orientou minha leitura, a exist\u00eancia de cinco subt\u00edtulos; em cada um deles se l\u00ea, a&hellip;&nbsp;Read More &raquo;Nuances do feminino","og_url":"https:\/\/www.grandesassisesamp2022.com\/pt-br\/nuances-do-feminino\/","og_site_name":"Grandes assises AMP 2022","article_published_time":"2021-09-08T16:30:47+00:00","article_modified_time":"2021-09-17T19:25:26+00:00","author":"Aur\u00e9lie Flore-Pascal","twitter_card":"summary_large_image","twitter_misc":{"Escrito por":"D\u00e9bora Nitzcaner","Est. tempo de leitura":"7 minutos"},"schema":{"@context":"https:\/\/schema.org","@graph":[{"@type":"WebPage","@id":"https:\/\/www.grandesassisesamp2022.com\/pt-br\/nuances-do-feminino\/","url":"https:\/\/www.grandesassisesamp2022.com\/pt-br\/nuances-do-feminino\/","name":"Nuances do feminino - Grandes assises AMP 2022","isPartOf":{"@id":"https:\/\/www.grandesassisesamp2022.com\/#website"},"datePublished":"2021-09-08T16:30:47+00:00","dateModified":"2021-09-17T19:25:26+00:00","author":{"@id":"https:\/\/www.grandesassisesamp2022.com\/#\/schema\/person\/4a6e5cb4a42e15c71b1a14fab12507ad"},"breadcrumb":{"@id":"https:\/\/www.grandesassisesamp2022.com\/pt-br\/nuances-do-feminino\/#breadcrumb"},"inLanguage":"pt-BR","potentialAction":[{"@type":"ReadAction","target":["https:\/\/www.grandesassisesamp2022.com\/pt-br\/nuances-do-feminino\/"]}]},{"@type":"BreadcrumbList","@id":"https:\/\/www.grandesassisesamp2022.com\/pt-br\/nuances-do-feminino\/#breadcrumb","itemListElement":[{"@type":"ListItem","position":1,"name":"Accueil","item":"https:\/\/www.grandesassisesamp2022.com\/pt-br\/"},{"@type":"ListItem","position":2,"name":"Nuances do feminino"}]},{"@type":"WebSite","@id":"https:\/\/www.grandesassisesamp2022.com\/#website","url":"https:\/\/www.grandesassisesamp2022.com\/","name":"Grandes assises AMP 2022","description":"Paris","potentialAction":[{"@type":"SearchAction","target":{"@type":"EntryPoint","urlTemplate":"https:\/\/www.grandesassisesamp2022.com\/?s={search_term_string}"},"query-input":"required name=search_term_string"}],"inLanguage":"pt-BR"},{"@type":"Person","@id":"https:\/\/www.grandesassisesamp2022.com\/#\/schema\/person\/4a6e5cb4a42e15c71b1a14fab12507ad","name":"Aur\u00e9lie Flore-Pascal","image":{"@type":"ImageObject","inLanguage":"pt-BR","@id":"https:\/\/www.grandesassisesamp2022.com\/#\/schema\/person\/image\/","url":"https:\/\/secure.gravatar.com\/avatar\/0182cb3d299d2931b2e76863acf5ea9c4267c3e23cd936785e375f5bdd15f2a1?s=96&d=mm&r=g","contentUrl":"https:\/\/secure.gravatar.com\/avatar\/0182cb3d299d2931b2e76863acf5ea9c4267c3e23cd936785e375f5bdd15f2a1?s=96&d=mm&r=g","caption":"Aur\u00e9lie Flore-Pascal"},"url":""}]}},"_links":{"self":[{"href":"https:\/\/www.grandesassisesamp2022.com\/pt-br\/wp-json\/wp\/v2\/posts\/9912","targetHints":{"allow":["GET"]}}],"collection":[{"href":"https:\/\/www.grandesassisesamp2022.com\/pt-br\/wp-json\/wp\/v2\/posts"}],"about":[{"href":"https:\/\/www.grandesassisesamp2022.com\/pt-br\/wp-json\/wp\/v2\/types\/post"}],"author":[{"embeddable":true,"href":"https:\/\/www.grandesassisesamp2022.com\/pt-br\/wp-json\/wp\/v2\/users\/10"}],"replies":[{"embeddable":true,"href":"https:\/\/www.grandesassisesamp2022.com\/pt-br\/wp-json\/wp\/v2\/comments?post=9912"}],"version-history":[{"count":1,"href":"https:\/\/www.grandesassisesamp2022.com\/pt-br\/wp-json\/wp\/v2\/posts\/9912\/revisions"}],"predecessor-version":[{"id":9913,"href":"https:\/\/www.grandesassisesamp2022.com\/pt-br\/wp-json\/wp\/v2\/posts\/9912\/revisions\/9913"}],"wp:attachment":[{"href":"https:\/\/www.grandesassisesamp2022.com\/pt-br\/wp-json\/wp\/v2\/media?parent=9912"}],"wp:term":[{"taxonomy":"category","embeddable":true,"href":"https:\/\/www.grandesassisesamp2022.com\/pt-br\/wp-json\/wp\/v2\/categories?post=9912"},{"taxonomy":"post_tag","embeddable":true,"href":"https:\/\/www.grandesassisesamp2022.com\/pt-br\/wp-json\/wp\/v2\/tags?post=9912"}],"curies":[{"name":"wp","href":"https:\/\/api.w.org\/{rel}","templated":true}]}}