{"id":8176,"date":"2021-05-11T09:55:36","date_gmt":"2021-05-11T07:55:36","guid":{"rendered":"https:\/\/www.grandesassisesamp2022.com\/paris-nao-toda\/"},"modified":"2021-05-31T23:57:27","modified_gmt":"2021-05-31T21:57:27","slug":"paris-nao-toda","status":"publish","type":"post","link":"https:\/\/www.grandesassisesamp2022.com\/pt-br\/paris-nao-toda\/","title":{"rendered":"Paris n\u00e3o toda"},"content":{"rendered":"\n<p><\/p>\n\n\n\n<p id=\"_edn1\"><span style=\"color: #000000;\"><span style=\"font-family: Cambria, serif;\">Paris, que o americano Waldo Emerson dizia ter sido constru\u00edda para o mundo inteiro, esta \u00ab mo\u00e7a \u00bb, \u00ab amiga \u00bb, \u00ab esposa \u00bb, com uma fisionomia que \u00ab alegra sempre \u00bb<\/span><\/span><sup><a class=\"sdendnoteanc\" href=\"#sdendnote1sym\" name=\"sdendnote1anc\">i<\/a><\/sup><span style=\"color: #000000;\"><span style=\"font-family: Cambria, serif;\">, era o local de reuni\u00e3o sonhado para um encontro internacional da mulher que n\u00e3o existe. Feminina, Paris existe para al\u00e9m \u00ab da materialidade \u00bb de seus muros \u00bb<\/span><\/span><sup><a class=\"sdendnoteanc\" href=\"#sdendnote2sym\" name=\"sdendnote2anc\">ii<\/a><\/sup><span style=\"color: #000000;\"><span style=\"font-family: Cambria, serif;\"> e n\u00e3o pertence a ningu\u00e9m. Ent\u00e3o, ela tamb\u00e9m n\u00e3o \u00e9 prop\u00edcia para esses Grandes <\/span><\/span><span style=\"font-family: Cambria, serif;\"><span lang=\"pt-PT\">Conversa\u00e7\u00f5es<\/span><\/span><span style=\"color: #000000;\"><span style=\"font-family: Cambria, serif;\"> Virtuais que acontecer\u00e3o em um ano ? \u00c9 essa cidade plural, suspensa entre duas margens, que poetas, artistas, cancioneiros, historiadores e urbanistas tentaram apreender. Arrisquemo-nos, por nossa vez, e partamos em busca desse lugar inapreens\u00edvel que \u00e9 a Paris da mulher que n\u00e3o existe.<\/span><\/span>\r\n<\/p>\n\n\n\n<hr class=\"wp-block-separator\"\/>\n\n\n\n<p><a class=\"sdendnotesym\" href=\"#sdendnote1anc\" name=\"sdendnote1sym\">i<\/a><span style=\"font-size: small;\">&nbsp;<span style=\"color: #000000;\"><span style=\"font-family: Cambria, serif;\"><span style=\"font-size: medium;\">Citado por Pierre Citron, <\/span><\/span><\/span><span style=\"color: #000000;\"><span style=\"font-family: Cambria, serif;\"><span style=\"font-size: medium;\"><i>La Po\u00e9sie de Paris dans la litt\u00e9rature fran\u00e7aise de<\/i><\/span><\/span><\/span> <span style=\"color: #000000;\"><span style=\"font-family: Cambria, serif;\"><span style=\"font-size: medium;\"><i>Rousseau \u00e0 Baudelaire<\/i><\/span><\/span><\/span><span style=\"color: #000000;\"><span style=\"font-family: Cambria, serif;\"><span style=\"font-size: medium;\">, t. 2, Paris, \u00c9ditions de Minuit, p. 198.<\/span><\/span><\/span><\/span><\/p>\n\n\n\n<p><div id=\"sdendnote1\">&#13;\n&#13;\n<a class=\"sdendnotesym\" href=\"#sdendnote2anc\" name=\"sdendnote2sym\">ii<\/a><span style=\"font-size: small;\">\u00a0<\/span><span style=\"color: #000000;\"><span style=\"font-family: Cambria, serif;\"><span style=\"font-size: medium;\">Dominique Kalifa, <\/span><\/span><\/span><span style=\"color: #000000;\"><span style=\"font-family: Cambria, serif;\"><span style=\"font-size: medium;\"><i>Paris, une histoire \u00e9rotique d\u2019Offenbach aux Sixties<\/i><\/span><\/span><\/span><span style=\"color: #000000;\"><span style=\"font-family: Cambria, serif;\"><span style=\"font-size: medium;\">, Paris, \u00c9ditions Payot &amp; Rivages, 2018, p. 10.<\/span><\/span><\/span>&#13;\n&#13;\n<\/div><\/p>\n","protected":false},"excerpt":{"rendered":"<p>Paris, que o americano Waldo Emerson dizia ter sido constru\u00edda para o mundo inteiro, esta \u00ab mo\u00e7a \u00bb, \u00ab amiga \u00bb, \u00ab esposa \u00bb, com uma fisionomia que \u00ab alegra sempre \u00bbi, era o local de reuni\u00e3o sonhado para um encontro internacional da mulher que n\u00e3o existe. Feminina, Paris existe para al\u00e9m \u00ab da materialidade&hellip;&nbsp;<a href=\"https:\/\/www.grandesassisesamp2022.com\/pt-br\/paris-nao-toda\/\" class=\"\" rel=\"bookmark\">Read More &raquo;<span class=\"screen-reader-text\">Paris n\u00e3o toda<\/span><\/a><\/p>\n","protected":false},"author":1,"featured_media":8627,"comment_status":"open","ping_status":"open","sticky":false,"template":"","format":"standard","meta":{"neve_meta_sidebar":"","neve_meta_container":"","neve_meta_enable_content_width":"","neve_meta_content_width":0,"neve_meta_title_alignment":"","neve_meta_author_avatar":"","neve_post_elements_order":"","neve_meta_disable_header":"","neve_meta_disable_footer":"","neve_meta_disable_title":"","footnotes":""},"categories":[112,130],"tags":[],"class_list":["post-8176","post","type-post","status-publish","format-standard","has-post-thumbnail","hentry","category-cartoes-postais","category-en-avant-pt-br"],"acf":[],"yoast_head":"<!-- This site is optimized with the Yoast SEO plugin v20.1 - https:\/\/yoast.com\/wordpress\/plugins\/seo\/ -->\n<title>Paris n\u00e3o toda - Grandes assises AMP 2022<\/title>\n<meta name=\"robots\" content=\"index, follow, max-snippet:-1, max-image-preview:large, max-video-preview:-1\" \/>\n<link rel=\"canonical\" href=\"https:\/\/www.grandesassisesamp2022.com\/pt-br\/paris-nao-toda\/\" \/>\n<meta property=\"og:locale\" content=\"pt_BR\" \/>\n<meta property=\"og:type\" content=\"article\" \/>\n<meta property=\"og:title\" content=\"Paris n\u00e3o toda - Grandes assises AMP 2022\" \/>\n<meta property=\"og:description\" content=\"Paris, que o americano Waldo Emerson dizia ter sido constru\u00edda para o mundo inteiro, esta \u00ab mo\u00e7a \u00bb, \u00ab amiga \u00bb, \u00ab esposa \u00bb, com uma fisionomia que \u00ab alegra sempre \u00bbi, era o local de reuni\u00e3o sonhado para um encontro internacional da mulher que n\u00e3o existe. Feminina, Paris existe para al\u00e9m \u00ab da materialidade&hellip;&nbsp;Read More &raquo;Paris n\u00e3o toda\" \/>\n<meta property=\"og:url\" content=\"https:\/\/www.grandesassisesamp2022.com\/pt-br\/paris-nao-toda\/\" \/>\n<meta property=\"og:site_name\" content=\"Grandes assises AMP 2022\" \/>\n<meta property=\"article:published_time\" content=\"2021-05-11T07:55:36+00:00\" \/>\n<meta property=\"article:modified_time\" content=\"2021-05-31T21:57:27+00:00\" \/>\n<meta property=\"og:image\" content=\"https:\/\/www.grandesassisesamp2022.com\/wp-content\/uploads\/2021\/03\/PPT.jpeg\" \/>\n\t<meta property=\"og:image:width\" content=\"1214\" \/>\n\t<meta property=\"og:image:height\" content=\"759\" \/>\n\t<meta property=\"og:image:type\" content=\"image\/jpeg\" \/>\n<meta name=\"author\" content=\"adminamp2022paris\" \/>\n<meta name=\"twitter:card\" content=\"summary_large_image\" \/>\n<meta name=\"twitter:label1\" content=\"Escrito por\" \/>\n\t<meta name=\"twitter:data1\" content=\"France Jaigu\" \/>\n\t<meta name=\"twitter:label2\" content=\"Est. tempo de leitura\" \/>\n\t<meta name=\"twitter:data2\" content=\"1 minuto\" \/>\n<script type=\"application\/ld+json\" class=\"yoast-schema-graph\">{\"@context\":\"https:\/\/schema.org\",\"@graph\":[{\"@type\":\"WebPage\",\"@id\":\"https:\/\/www.grandesassisesamp2022.com\/pt-br\/paris-nao-toda\/\",\"url\":\"https:\/\/www.grandesassisesamp2022.com\/pt-br\/paris-nao-toda\/\",\"name\":\"Paris n\u00e3o toda - Grandes assises AMP 2022\",\"isPartOf\":{\"@id\":\"https:\/\/www.grandesassisesamp2022.com\/#website\"},\"datePublished\":\"2021-05-11T07:55:36+00:00\",\"dateModified\":\"2021-05-31T21:57:27+00:00\",\"author\":{\"@id\":\"https:\/\/www.grandesassisesamp2022.com\/#\/schema\/person\/2fa9e0cb7f367fcf957986574be53f80\"},\"breadcrumb\":{\"@id\":\"https:\/\/www.grandesassisesamp2022.com\/pt-br\/paris-nao-toda\/#breadcrumb\"},\"inLanguage\":\"pt-BR\",\"potentialAction\":[{\"@type\":\"ReadAction\",\"target\":[\"https:\/\/www.grandesassisesamp2022.com\/pt-br\/paris-nao-toda\/\"]}]},{\"@type\":\"BreadcrumbList\",\"@id\":\"https:\/\/www.grandesassisesamp2022.com\/pt-br\/paris-nao-toda\/#breadcrumb\",\"itemListElement\":[{\"@type\":\"ListItem\",\"position\":1,\"name\":\"Accueil\",\"item\":\"https:\/\/www.grandesassisesamp2022.com\/pt-br\/\"},{\"@type\":\"ListItem\",\"position\":2,\"name\":\"Paris n\u00e3o toda\"}]},{\"@type\":\"WebSite\",\"@id\":\"https:\/\/www.grandesassisesamp2022.com\/#website\",\"url\":\"https:\/\/www.grandesassisesamp2022.com\/\",\"name\":\"Grandes assises AMP 2022\",\"description\":\"Paris\",\"potentialAction\":[{\"@type\":\"SearchAction\",\"target\":{\"@type\":\"EntryPoint\",\"urlTemplate\":\"https:\/\/www.grandesassisesamp2022.com\/?s={search_term_string}\"},\"query-input\":\"required name=search_term_string\"}],\"inLanguage\":\"pt-BR\"},{\"@type\":\"Person\",\"@id\":\"https:\/\/www.grandesassisesamp2022.com\/#\/schema\/person\/2fa9e0cb7f367fcf957986574be53f80\",\"name\":\"adminamp2022paris\",\"image\":{\"@type\":\"ImageObject\",\"inLanguage\":\"pt-BR\",\"@id\":\"https:\/\/www.grandesassisesamp2022.com\/#\/schema\/person\/image\/\",\"url\":\"https:\/\/secure.gravatar.com\/avatar\/b6f45d7384790c27f94e083e1181898e35a52a7087dd8b3fd3a6a81f19f6a9d3?s=96&d=mm&r=g\",\"contentUrl\":\"https:\/\/secure.gravatar.com\/avatar\/b6f45d7384790c27f94e083e1181898e35a52a7087dd8b3fd3a6a81f19f6a9d3?s=96&d=mm&r=g\",\"caption\":\"adminamp2022paris\"},\"sameAs\":[\"https:\/\/www.congresamp2022.com\"],\"url\":\"\"}]}<\/script>\n<!-- \/ Yoast SEO plugin. -->","yoast_head_json":{"title":"Paris n\u00e3o toda - Grandes assises AMP 2022","robots":{"index":"index","follow":"follow","max-snippet":"max-snippet:-1","max-image-preview":"max-image-preview:large","max-video-preview":"max-video-preview:-1"},"canonical":"https:\/\/www.grandesassisesamp2022.com\/pt-br\/paris-nao-toda\/","og_locale":"pt_BR","og_type":"article","og_title":"Paris n\u00e3o toda - Grandes assises AMP 2022","og_description":"Paris, que o americano Waldo Emerson dizia ter sido constru\u00edda para o mundo inteiro, esta \u00ab mo\u00e7a \u00bb, \u00ab amiga \u00bb, \u00ab esposa \u00bb, com uma fisionomia que \u00ab alegra sempre \u00bbi, era o local de reuni\u00e3o sonhado para um encontro internacional da mulher que n\u00e3o existe. Feminina, Paris existe para al\u00e9m \u00ab da materialidade&hellip;&nbsp;Read More &raquo;Paris n\u00e3o toda","og_url":"https:\/\/www.grandesassisesamp2022.com\/pt-br\/paris-nao-toda\/","og_site_name":"Grandes assises AMP 2022","article_published_time":"2021-05-11T07:55:36+00:00","article_modified_time":"2021-05-31T21:57:27+00:00","og_image":[{"width":1214,"height":759,"url":"https:\/\/www.grandesassisesamp2022.com\/wp-content\/uploads\/2021\/03\/PPT.jpeg","type":"image\/jpeg"}],"author":"adminamp2022paris","twitter_card":"summary_large_image","twitter_misc":{"Escrito por":"France Jaigu","Est. tempo de leitura":"1 minuto"},"schema":{"@context":"https:\/\/schema.org","@graph":[{"@type":"WebPage","@id":"https:\/\/www.grandesassisesamp2022.com\/pt-br\/paris-nao-toda\/","url":"https:\/\/www.grandesassisesamp2022.com\/pt-br\/paris-nao-toda\/","name":"Paris n\u00e3o toda - Grandes assises AMP 2022","isPartOf":{"@id":"https:\/\/www.grandesassisesamp2022.com\/#website"},"datePublished":"2021-05-11T07:55:36+00:00","dateModified":"2021-05-31T21:57:27+00:00","author":{"@id":"https:\/\/www.grandesassisesamp2022.com\/#\/schema\/person\/2fa9e0cb7f367fcf957986574be53f80"},"breadcrumb":{"@id":"https:\/\/www.grandesassisesamp2022.com\/pt-br\/paris-nao-toda\/#breadcrumb"},"inLanguage":"pt-BR","potentialAction":[{"@type":"ReadAction","target":["https:\/\/www.grandesassisesamp2022.com\/pt-br\/paris-nao-toda\/"]}]},{"@type":"BreadcrumbList","@id":"https:\/\/www.grandesassisesamp2022.com\/pt-br\/paris-nao-toda\/#breadcrumb","itemListElement":[{"@type":"ListItem","position":1,"name":"Accueil","item":"https:\/\/www.grandesassisesamp2022.com\/pt-br\/"},{"@type":"ListItem","position":2,"name":"Paris n\u00e3o toda"}]},{"@type":"WebSite","@id":"https:\/\/www.grandesassisesamp2022.com\/#website","url":"https:\/\/www.grandesassisesamp2022.com\/","name":"Grandes assises AMP 2022","description":"Paris","potentialAction":[{"@type":"SearchAction","target":{"@type":"EntryPoint","urlTemplate":"https:\/\/www.grandesassisesamp2022.com\/?s={search_term_string}"},"query-input":"required name=search_term_string"}],"inLanguage":"pt-BR"},{"@type":"Person","@id":"https:\/\/www.grandesassisesamp2022.com\/#\/schema\/person\/2fa9e0cb7f367fcf957986574be53f80","name":"adminamp2022paris","image":{"@type":"ImageObject","inLanguage":"pt-BR","@id":"https:\/\/www.grandesassisesamp2022.com\/#\/schema\/person\/image\/","url":"https:\/\/secure.gravatar.com\/avatar\/b6f45d7384790c27f94e083e1181898e35a52a7087dd8b3fd3a6a81f19f6a9d3?s=96&d=mm&r=g","contentUrl":"https:\/\/secure.gravatar.com\/avatar\/b6f45d7384790c27f94e083e1181898e35a52a7087dd8b3fd3a6a81f19f6a9d3?s=96&d=mm&r=g","caption":"adminamp2022paris"},"sameAs":["https:\/\/www.congresamp2022.com"],"url":""}]}},"_links":{"self":[{"href":"https:\/\/www.grandesassisesamp2022.com\/pt-br\/wp-json\/wp\/v2\/posts\/8176","targetHints":{"allow":["GET"]}}],"collection":[{"href":"https:\/\/www.grandesassisesamp2022.com\/pt-br\/wp-json\/wp\/v2\/posts"}],"about":[{"href":"https:\/\/www.grandesassisesamp2022.com\/pt-br\/wp-json\/wp\/v2\/types\/post"}],"author":[{"embeddable":true,"href":"https:\/\/www.grandesassisesamp2022.com\/pt-br\/wp-json\/wp\/v2\/users\/1"}],"replies":[{"embeddable":true,"href":"https:\/\/www.grandesassisesamp2022.com\/pt-br\/wp-json\/wp\/v2\/comments?post=8176"}],"version-history":[{"count":3,"href":"https:\/\/www.grandesassisesamp2022.com\/pt-br\/wp-json\/wp\/v2\/posts\/8176\/revisions"}],"predecessor-version":[{"id":8993,"href":"https:\/\/www.grandesassisesamp2022.com\/pt-br\/wp-json\/wp\/v2\/posts\/8176\/revisions\/8993"}],"wp:featuredmedia":[{"embeddable":true,"href":"https:\/\/www.grandesassisesamp2022.com\/pt-br\/wp-json\/wp\/v2\/media\/8627"}],"wp:attachment":[{"href":"https:\/\/www.grandesassisesamp2022.com\/pt-br\/wp-json\/wp\/v2\/media?parent=8176"}],"wp:term":[{"taxonomy":"category","embeddable":true,"href":"https:\/\/www.grandesassisesamp2022.com\/pt-br\/wp-json\/wp\/v2\/categories?post=8176"},{"taxonomy":"post_tag","embeddable":true,"href":"https:\/\/www.grandesassisesamp2022.com\/pt-br\/wp-json\/wp\/v2\/tags?post=8176"}],"curies":[{"name":"wp","href":"https:\/\/api.w.org\/{rel}","templated":true}]}}