{"id":15649,"date":"2022-03-17T08:21:56","date_gmt":"2022-03-17T07:21:56","guid":{"rendered":"https:\/\/www.grandesassisesamp2022.com\/scilicet-ours-et-sommaire\/"},"modified":"2022-03-26T12:50:50","modified_gmt":"2022-03-26T11:50:50","slug":"scilicet-ours-et-sommaire","status":"publish","type":"post","link":"https:\/\/www.grandesassisesamp2022.com\/pt-br\/scilicet-ours-et-sommaire\/","title":{"rendered":"Volumen Scilicet &#8211; Sum\u00e1rio"},"content":{"rendered":"\n<p>Introdu\u00e7\u00e3o \u2013&nbsp;<strong>\u201cA menor mulher do mundo\u201d<\/strong>&nbsp;&#8211; Angelina Harari&nbsp;<\/p>\n\n\n\n<p>Abertura \u2013&nbsp;<strong>Os semblantes entre os sexos<\/strong>&nbsp;&#8211; Jacques-Alain Miller&nbsp;<\/p>\n\n\n\n<p>Argumento da Grande Conversa\u00e7\u00e3o Virtual Internacional da AMP \u2013&nbsp;<\/p>\n\n\n\n<p><strong>\u201cA mulher n\u00e3o existe\u201d<\/strong>&nbsp;&#8211; Christiane Alberti&nbsp;<\/p>\n\n\n\n<p>Anatomia, identifica\u00e7\u00f5es, subjetiva\u00e7\u00e3o&nbsp;<\/p>\n\n\n\n<p><strong>Apresenta\u00e7\u00e3o<\/strong>&nbsp;&#8211; S\u00e9rgio Laia&nbsp;<\/p>\n\n\n\n<p><strong>Al\u00e9m da materialidade do corpo<\/strong>&nbsp;&#8211; Rosanna Tremante&nbsp;<\/p>\n\n\n\n<p><strong>Do significante encarnado<\/strong>&nbsp;&#8211; Andrea V. Zelaya&nbsp;<\/p>\n\n\n\n<p><strong>Apenas as mulheres se identificam<\/strong>&nbsp;&#8211; Carole Dewambrechies-La Sagna&nbsp;<\/p>\n\n\n\n<p><strong>Mulheres trans para al\u00e9m da psicose<\/strong>&nbsp;&#8211; Russell Grigg&nbsp;<\/p>\n\n\n\n<p>Castra\u00e7\u00e3o&nbsp;<\/p>\n\n\n\n<p><strong>Apresenta\u00e7\u00e3o<\/strong>&nbsp;&#8211; Flory Kruger&nbsp;<\/p>\n\n\n\n<p><strong>Jogar com&nbsp;<em>lal\u00edngua<\/em><\/strong>&nbsp;&#8211; Laura Valcarce&nbsp;<\/p>\n\n\n\n<p><strong>O que faz furo<\/strong>&nbsp;&#8211; Nohem\u00ed Brown&nbsp;<\/p>\n\n\n\n<p><strong>A dial\u00e9tica do h\u00e9tero<\/strong>&nbsp;&#8211; Claudio Morgado&nbsp;<\/p>\n\n\n\n<p><strong>O prest\u00edgio do falo em decl\u00ednio<\/strong>&nbsp;&#8211; Gil Caroz&nbsp;<\/p>\n\n\n\n<p>Objetos&nbsp;<em>a&nbsp;<\/em><\/p>\n\n\n\n<p><strong>Apresenta\u00e7\u00e3o<\/strong>&nbsp;&#8211; Fabi\u00e1n A. Naparstek&nbsp;<\/p>\n\n\n\n<p><strong>O sil\u00eancio d\u2019\u023a mulher<\/strong>&nbsp;&#8211; Margarita \u00c1lvarez&nbsp;<\/p>\n\n\n\n<p><strong>Cor de vazio<\/strong>&nbsp;&#8211; Cleide Pereira Monteiro&nbsp;<\/p>\n\n\n\n<p><strong>O nada<\/strong>&nbsp;&#8211; Sonia Chiriaco<\/p>\n\n\n\n<p><strong>Tomar o outro por sua alma<\/strong>&nbsp;&#8211; Roberto Bertholet<\/p>\n\n\n\n<p>Declina\u00e7\u00f5es da falta&nbsp;<\/p>\n\n\n\n<p><strong>Apresenta\u00e7\u00e3o<\/strong>&nbsp;&#8211; Mar\u00eda Cristina Aguirre&nbsp;<\/p>\n\n\n\n<p><strong>Falta de objeto, objeto da falta<\/strong>&nbsp;&#8211; Daniela de Camargo Barros Affonso&nbsp;<\/p>\n\n\n\n<p><strong>Da falta, eu nada espero<\/strong>&nbsp;&#8211; Carlos Rossi<\/p>\n\n\n\n<p><strong>Gozar da priva\u00e7\u00e3o<\/strong>&nbsp;&#8211; Chantal Bonneau&nbsp;<\/p>\n\n\n\n<p><strong>Sem nome<\/strong>&nbsp;&#8211; Joaqu\u00edn Carrasco<\/p>\n\n\n\n<p>Masculino\/feminino&nbsp;<\/p>\n\n\n\n<p><strong>Apresenta\u00e7\u00e3o<\/strong>&nbsp;&#8211; M\u00f3nica Torres<\/p>\n\n\n\n<p><strong>O erro comum<\/strong>&nbsp;&#8211; Susana Huler<\/p>\n\n\n\n<p><strong>O futuro da puls\u00e3o parcial<\/strong>&nbsp;&#8211; Adrian Scheinkestel<\/p>\n\n\n\n<p><strong>Consentir com a feminilidade<\/strong>&nbsp;&#8211; Bernard Seynhaeve<\/p>\n\n\n\n<p><strong>O gozo como tal<\/strong>&nbsp;&#8211; Alejandra Hornos<\/p>\n\n\n\n<p>Nome-do-Pai e pai-vers\u00e3o<\/p>\n\n\n\n<p><strong>Apresenta\u00e7\u00e3o<\/strong>&nbsp;&#8211; M\u00e1rio Elkin Ram\u00edrez<\/p>\n\n\n\n<p><strong>Pai-versamente orientado<\/strong>&nbsp;&#8211; Concha Lech\u00f3n<\/p>\n\n\n\n<p><strong>A partir da interpreta\u00e7\u00e3o<\/strong>&nbsp;&#8211; Laurent Dupont<\/p>\n\n\n\n<p><strong>Solu\u00e7\u00f5es na psicose<\/strong>&nbsp;&#8211; In\u00e9s Sotelo<\/p>\n\n\n\n<p><strong>Al\u00e9m das normas e da anatomia<\/strong>&nbsp;&#8211; Els Van Compernolle<\/p>\n\n\n\n<p>Forma feminina do desejo<\/p>\n\n\n\n<p><strong>Apresenta\u00e7\u00e3o<\/strong>&nbsp;&#8211; Anna Arom\u00ed<\/p>\n\n\n\n<p><strong>A fantasia, o desejo, o que resta<\/strong>&nbsp;&#8211; Viviana Mozzi<\/p>\n\n\n\n<p><strong>Do&nbsp;<em>pathos<\/em>&nbsp;ao&nbsp;<em>n\u00e3otodo<\/em><\/strong>&nbsp;&#8211; Valeria Sommer-Dupont<\/p>\n\n\n\n<p><strong>O matema do desejo da mulher<\/strong>&nbsp;&#8211; Maria Jos\u00e9 Gontijo Salum<\/p>\n\n\n\n<p><strong>O voo do desejo<\/strong>&nbsp;&#8211; Cyrus Saint Amand Poliakoff<\/p>\n\n\n\n<p>Fantasia no feminino<\/p>\n\n\n\n<p><strong>Apresenta\u00e7\u00e3o<\/strong>&nbsp;&#8211; Ruzanna Hakobyan<\/p>\n\n\n\n<p><strong><em>To be the phallus or not to be<\/em><\/strong>&nbsp;&#8211; Caroline Leduc<\/p>\n\n\n\n<p><strong>Vers\u00f5es&nbsp;<em>ready made<\/em><\/strong>&nbsp;&#8211; Ana Cecilia Gonz\u00e1lez<\/p>\n\n\n\n<p><strong><em>Am\u00f3dio<\/em><\/strong><strong>&nbsp;e feminic\u00eddio<\/strong>&nbsp;&#8211; Heloisa Caldas<\/p>\n\n\n\n<p><strong>Fazer supl\u00eancia \u00e0 n\u00e3o-rela\u00e7\u00e3o sexual<\/strong>&nbsp;&#8211; Peggy Papada<\/p>\n\n\n\n<p>D\u00favida e Insatisfa\u00e7\u00e3o<\/p>\n\n\n\n<p><strong>Apresenta\u00e7\u00e3o<\/strong>&nbsp;&#8211; Osvaldo Delgado<\/p>\n\n\n\n<p><strong>Uma defesa frente ao&nbsp;<em>n\u00e3otodo<\/em><\/strong>&nbsp;&#8211; Jos\u00e9 Lachevsky<\/p>\n\n\n\n<p><strong>Modos de resposta<\/strong>&nbsp;&#8211; Roger Litten<\/p>\n\n\n\n<p><strong>A insatisfa\u00e7\u00e3o hist\u00e9rica<\/strong>&nbsp;&#8211; Jean Luc Monnier&nbsp;<\/p>\n\n\n\n<p><strong>Afetos imprevis\u00edveis<\/strong>&nbsp;&#8211; Laura Pacati<\/p>\n\n\n\n<p>Sintoma e sinthoma<\/p>\n\n\n\n<p><strong>Apresenta\u00e7\u00e3o<\/strong>&nbsp;&#8211; Juan Fernando P\u00e9rez<\/p>\n\n\n\n<p><strong>Uma resposta ao furo<\/strong>&nbsp;&#8211; Leonora Troianovski<\/p>\n\n\n\n<p><strong>Crer nisso<\/strong>&nbsp;&#8211; Rachele Giuntoli<\/p>\n\n\n\n<p><strong>Quest\u00e3o de escrita<\/strong>&nbsp;&#8211; Pilar Ord\u00f3\u00f1ez<\/p>\n\n\n\n<p><strong>O equ\u00edvoco e a nomea\u00e7\u00e3o<\/strong>&nbsp;&#8211; Guy Poblome<\/p>\n\n\n\n<p>Gozo suplementar<\/p>\n\n\n\n<p><strong>Apresenta\u00e7\u00e3o<\/strong>&nbsp;&#8211; Esthela Solano-Suarez<\/p>\n\n\n\n<p><strong>Entre centro e aus\u00eancia<\/strong>&nbsp;&#8211; H\u00e9l\u00e8ne Bonnaud<\/p>\n\n\n\n<p><strong>Des-limitado<\/strong>&nbsp;&#8211; Pepa Freir\u00eda<\/p>\n\n\n\n<p><strong>Uma e<em>vid\u00ea<\/em>ncia obscura<\/strong>&nbsp;&#8211; Fernanda Otoni Brisset<\/p>\n\n\n\n<p><strong>Do gozo Um<\/strong>&nbsp;&#8211; Adriana Lai\u00f3n<\/p>\n\n\n\n<p>Heterossexualidade<\/p>\n\n\n\n<p><strong>Apresenta\u00e7\u00e3o<\/strong>&nbsp;&#8211; Marcelo Veras<\/p>\n\n\n\n<p><strong>Do Um ao Outro<\/strong>&nbsp;&#8211; Claudia Vel\u00e1squez<\/p>\n\n\n\n<p><strong>O que ama as mulheres<\/strong>&nbsp;&#8211; Beatriz Gonz\u00e1les-Renou<\/p>\n\n\n\n<p><strong>Uma \u00e9tica<\/strong>&nbsp;&#8211; Andr\u00e9s Border\u00edas<\/p>\n\n\n\n<p><strong>Em dire\u00e7\u00e3o \u00e0 opacidade irredut\u00edvel<\/strong>&nbsp;&#8211; Bruno de Halleux<\/p>\n\n\n\n<p>Amor<\/p>\n\n\n\n<p><strong>Apresenta\u00e7\u00e3o<\/strong>&nbsp;&#8211; Marie-H\u00e9l\u00e8ne Brousse<\/p>\n\n\n\n<p><strong>Uma carreira sem limite<\/strong>&nbsp;&#8211; Jacqueline Dh\u00e9ret<\/p>\n\n\n\n<p><strong>Um estilo erotoman\u00edaco<\/strong>&nbsp;&#8211; Nicolas Bouso\u00f1o<\/p>\n\n\n\n<p><strong>Na pai-vers\u00e3o<\/strong>&nbsp;&#8211; Pasquale Indulgenza<\/p>\n\n\n\n<p><strong>Gozar disso<\/strong>&nbsp;&#8211; Jorge Sosa<\/p>\n\n\n\n<p>Devasta\u00e7\u00e3o e arrebatamento<\/p>\n\n\n\n<p><strong>Apresenta\u00e7\u00e3o<\/strong>&nbsp;&#8211; Adele Succetti<\/p>\n\n\n\n<p><strong><em>Gozaus\u00eancia<\/em><\/strong>&nbsp;&#8211; Marie-H\u00e9l\u00e8ne Blancard<\/p>\n\n\n\n<p><strong>Entre solid\u00e3o e desaparecimento<\/strong>&nbsp;&#8211; Sara Bord\u00f2<\/p>\n\n\n\n<p><strong>O olhar em Santa Teresa<\/strong>&nbsp;&#8211; Elvira Dianno<\/p>\n\n\n\n<p><strong><em>Lol V. Stein<\/em><\/strong><strong>, um ser a tr\u00eas<\/strong>&nbsp;&#8211; Celeste Stecco<\/p>\n\n\n\n<p>Mulher mais real<\/p>\n\n\n\n<p><strong>Apresenta\u00e7\u00e3o<\/strong>&nbsp;&#8211; Silvia Elena Tendlarz<\/p>\n\n\n\n<p><strong>O ato de uma verdadeira mulher<\/strong>&nbsp;&#8211; Rodrigo Lyra Carvalho<\/p>\n\n\n\n<p><strong><em>Frailty, thy name is woman<\/em><\/strong>&nbsp;&#8211; Daniela Fern\u00e1ndez<\/p>\n\n\n\n<p><strong>Sabina Spielrein, nos confins da feminilidade<\/strong>&nbsp;&#8211; Florencia F. C. Shanahan<\/p>\n\n\n\n<p><strong>O ato de Medeia<\/strong>&nbsp;&#8211; Ang\u00e8le Terrier<\/p>\n\n\n\n<p>A deusa branca<\/p>\n\n\n\n<p><strong>Apresenta\u00e7\u00e3o<\/strong>&nbsp;&#8211; Agn\u00e8s Aflalo<\/p>\n\n\n\n<p><strong>A mulher como um Nome-do-Pai<\/strong>&nbsp;&#8211; Esteban Klainer<\/p>\n\n\n\n<p><strong>O semideus e a Divina<\/strong>&nbsp;&#8211; Deborah Gutermann-Jacquet<\/p>\n\n\n\n<p><strong>M\u00e1scara do&nbsp;<em>h\u00e9teros<\/em><\/strong>&nbsp;&#8211; Paola Bolgiani<\/p>\n\n\n\n<p><strong><em>N\u00e3otodas<\/em><\/strong><strong>&nbsp;loucas, n\u00e3o loucas-de-todo<\/strong>&nbsp;&#8211; Esperanza Molleda<\/p>\n\n\n\n<p>Empuxo-\u00e0-mulher<\/p>\n\n\n\n<p><strong>Apresenta\u00e7\u00e3o<\/strong>&nbsp;&#8211; Estela Paskvan<\/p>\n\n\n\n<p><strong>Voluptas<\/strong>&nbsp;&#8211; Marcela Antelo<\/p>\n\n\n\n<p><strong>Emascula\u00e7\u00e3o<\/strong>&nbsp;&#8211; Philip Dravers<\/p>\n\n\n\n<p><strong>Um empuxo-\u00e0-exce\u00e7\u00e3o<\/strong>&nbsp;&#8211; Sophie Marret-Maleval<\/p>\n\n\n\n<p><strong>Um amor morto<\/strong>&nbsp;&#8211; Bel\u00e9n Zubillaga<\/p>\n\n\n\n<p><em>N\u00e3otodo<\/em><\/p>\n\n\n\n<p><strong>Apresenta\u00e7\u00e3o<\/strong>&nbsp;&#8211; Laura Cecilia Rizzo<\/p>\n\n\n\n<p><strong>Sem medida<\/strong>&nbsp;&#8211; Bernard&nbsp;Lec\u0153ur<em>&nbsp;<\/em><\/p>\n\n\n\n<p><strong>Fazer passar<\/strong>&nbsp;&#8211; Beatriz Udenio<\/p>\n\n\n\n<p><strong>O nada n\u00e3o \u00e9 o vazio<\/strong>&nbsp;&#8211; Cristiano Lastrucci<\/p>\n\n\n\n<p><strong>O germe l\u00f3gico do feminino<\/strong>&nbsp;&#8211; Amanda Goya<\/p>\n\n\n\n<p>Outra para si mesma<\/p>\n\n\n\n<p><strong>Apresenta\u00e7\u00e3o<\/strong>&nbsp;&#8211; R\u00f4mulo Ferreira da Silva<\/p>\n\n\n\n<p><strong>Genealogia de um matema: S(\u023a)<\/strong>&nbsp;&#8211; Philippe de Georges<\/p>\n\n\n\n<p><strong>Cl\u00ednica da sexualidade feminina<\/strong>&nbsp;&#8211; Marta Maside<\/p>\n\n\n\n<p><strong>Um gozo que se desdobra<\/strong>&nbsp;&#8211; Edna Elena G\u00f3mez Murillo<\/p>\n\n\n\n<p><strong>A posi\u00e7\u00e3o feminina de Joyce<\/strong>&nbsp;&#8211; Katty Langelez-Stevens<\/p>\n\n\n\n<p><em>Lal\u00edngua<\/em><\/p>\n\n\n\n<p><strong>Apresenta\u00e7\u00e3o<\/strong>&nbsp;&#8211; Araceli Fuentes<\/p>\n\n\n\n<p><strong>O real da n\u00e3o-rela\u00e7\u00e3o<\/strong>&nbsp;&#8211; Heloisa Prado Telles<\/p>\n\n\n\n<p><strong>A l\u00edngua secreta das mulheres<\/strong>&nbsp;&#8211; Graciela Gonz\u00e1lez Horowitz<\/p>\n\n\n\n<p><strong>A devasta\u00e7\u00e3o do verbo<\/strong>&nbsp;&#8211; Sophie Gayard<\/p>\n\n\n\n<p><strong>O que fica, fica escrito<\/strong>&nbsp;&#8211; Renato Andrade<\/p>\n\n\n\n<p>Existir n\u00e3o \u00e9 ser<\/p>\n\n\n\n<p><strong>Apresenta\u00e7\u00e3o<\/strong>&nbsp;&#8211; Philippe Hellebois<\/p>\n\n\n\n<p><strong>Em dire\u00e7\u00e3o a uma cl\u00ednica da resson\u00e2ncia<\/strong>&nbsp;&#8211; Giancarla Antezana<\/p>\n\n\n\n<p><strong>Ler a letra<\/strong>&nbsp;&#8211; Damasia Amadeo de Freda<\/p>\n\n\n\n<p><strong>Sentido e escrita<\/strong>&nbsp;&#8211; B\u00e9n\u00e9dicte Jullien<\/p>\n\n\n\n<p><strong>Uma l\u00f3gica heterodoxa<\/strong>&nbsp;&#8211; Luis Francisco Camargo<\/p>\n\n\n\n<p>Usos do feminino<\/p>\n\n\n\n<p><strong>Apresenta\u00e7\u00e3o<\/strong>&nbsp;&#8211; Francesca Biagi-Chai<\/p>\n\n\n\n<p><strong>Inconsist\u00eancia do feminino<\/strong>&nbsp;&#8211; Matteo Bonazzi&nbsp;<\/p>\n\n\n\n<p><strong>Como escrev\u00ea-lo?<\/strong>&nbsp;&#8211; Patricia Tagle Barton<\/p>\n\n\n\n<p><strong>Feminiza\u00e7\u00f5es masculinas<\/strong>&nbsp;&#8211; Pierre Sidon&nbsp;<\/p>\n\n\n\n<p><strong>A exist\u00eancia dela \u00e9 um sonho de mulher<\/strong>&nbsp;&#8211; Gabriela Grinbaum&nbsp;<\/p>\n","protected":false},"excerpt":{"rendered":"<p>Introdu\u00e7\u00e3o \u2013&nbsp;\u201cA menor mulher do mundo\u201d&nbsp;&#8211; Angelina Harari&nbsp; Abertura \u2013&nbsp;Os semblantes entre os sexos&nbsp;&#8211; Jacques-Alain Miller&nbsp; Argumento da Grande Conversa\u00e7\u00e3o Virtual Internacional da AMP \u2013&nbsp; \u201cA mulher n\u00e3o existe\u201d&nbsp;&#8211; Christiane Alberti&nbsp; Anatomia, identifica\u00e7\u00f5es, subjetiva\u00e7\u00e3o&nbsp; Apresenta\u00e7\u00e3o&nbsp;&#8211; S\u00e9rgio Laia&nbsp; Al\u00e9m da materialidade do corpo&nbsp;&#8211; Rosanna Tremante&nbsp; Do significante encarnado&nbsp;&#8211; Andrea V. Zelaya&nbsp; Apenas as mulheres se identificam&nbsp;&#8211;&hellip;&nbsp;<a href=\"https:\/\/www.grandesassisesamp2022.com\/pt-br\/scilicet-ours-et-sommaire\/\" class=\"\" rel=\"bookmark\">Read More &raquo;<span class=\"screen-reader-text\">Volumen Scilicet &#8211; Sum\u00e1rio<\/span><\/a><\/p>\n","protected":false},"author":1,"featured_media":0,"comment_status":"open","ping_status":"open","sticky":false,"template":"","format":"standard","meta":{"neve_meta_sidebar":"","neve_meta_container":"","neve_meta_enable_content_width":"","neve_meta_content_width":0,"neve_meta_title_alignment":"","neve_meta_author_avatar":"","neve_post_elements_order":"","neve_meta_disable_header":"","neve_meta_disable_footer":"","neve_meta_disable_title":"","footnotes":""},"categories":[95],"tags":[],"class_list":["post-15649","post","type-post","status-publish","format-standard","hentry","category-scilicet-pt-br"],"acf":[],"yoast_head":"<!-- This site is optimized with the Yoast SEO plugin v20.1 - https:\/\/yoast.com\/wordpress\/plugins\/seo\/ -->\n<title>Volumen Scilicet - Sum\u00e1rio - Grandes assises AMP 2022<\/title>\n<meta name=\"robots\" content=\"index, follow, max-snippet:-1, max-image-preview:large, max-video-preview:-1\" \/>\n<link rel=\"canonical\" href=\"https:\/\/www.grandesassisesamp2022.com\/pt-br\/scilicet-ours-et-sommaire\/\" \/>\n<meta property=\"og:locale\" content=\"pt_BR\" \/>\n<meta property=\"og:type\" content=\"article\" \/>\n<meta property=\"og:title\" content=\"Volumen Scilicet - Sum\u00e1rio - Grandes assises AMP 2022\" \/>\n<meta property=\"og:description\" content=\"Introdu\u00e7\u00e3o \u2013&nbsp;\u201cA menor mulher do mundo\u201d&nbsp;&#8211; Angelina Harari&nbsp; Abertura \u2013&nbsp;Os semblantes entre os sexos&nbsp;&#8211; Jacques-Alain Miller&nbsp; Argumento da Grande Conversa\u00e7\u00e3o Virtual Internacional da AMP \u2013&nbsp; \u201cA mulher n\u00e3o existe\u201d&nbsp;&#8211; Christiane Alberti&nbsp; Anatomia, identifica\u00e7\u00f5es, subjetiva\u00e7\u00e3o&nbsp; Apresenta\u00e7\u00e3o&nbsp;&#8211; S\u00e9rgio Laia&nbsp; Al\u00e9m da materialidade do corpo&nbsp;&#8211; Rosanna Tremante&nbsp; Do significante encarnado&nbsp;&#8211; Andrea V. Zelaya&nbsp; Apenas as mulheres se identificam&nbsp;&#8211;&hellip;&nbsp;Read More &raquo;Volumen Scilicet &#8211; Sum\u00e1rio\" \/>\n<meta property=\"og:url\" content=\"https:\/\/www.grandesassisesamp2022.com\/pt-br\/scilicet-ours-et-sommaire\/\" \/>\n<meta property=\"og:site_name\" content=\"Grandes assises AMP 2022\" \/>\n<meta property=\"article:published_time\" content=\"2022-03-17T07:21:56+00:00\" \/>\n<meta property=\"article:modified_time\" content=\"2022-03-26T11:50:50+00:00\" \/>\n<meta name=\"author\" content=\"adminamp2022paris\" \/>\n<meta name=\"twitter:card\" content=\"summary_large_image\" \/>\n<meta name=\"twitter:label1\" content=\"Escrito por\" \/>\n\t<meta name=\"twitter:data1\" content=\"Equipe Scilicet\" \/>\n\t<meta name=\"twitter:label2\" content=\"Est. tempo de leitura\" \/>\n\t<meta name=\"twitter:data2\" content=\"5 minutos\" \/>\n<script type=\"application\/ld+json\" class=\"yoast-schema-graph\">{\"@context\":\"https:\/\/schema.org\",\"@graph\":[{\"@type\":\"WebPage\",\"@id\":\"https:\/\/www.grandesassisesamp2022.com\/pt-br\/scilicet-ours-et-sommaire\/\",\"url\":\"https:\/\/www.grandesassisesamp2022.com\/pt-br\/scilicet-ours-et-sommaire\/\",\"name\":\"Volumen Scilicet - Sum\u00e1rio - Grandes assises AMP 2022\",\"isPartOf\":{\"@id\":\"https:\/\/www.grandesassisesamp2022.com\/#website\"},\"datePublished\":\"2022-03-17T07:21:56+00:00\",\"dateModified\":\"2022-03-26T11:50:50+00:00\",\"author\":{\"@id\":\"https:\/\/www.grandesassisesamp2022.com\/#\/schema\/person\/2fa9e0cb7f367fcf957986574be53f80\"},\"breadcrumb\":{\"@id\":\"https:\/\/www.grandesassisesamp2022.com\/pt-br\/scilicet-ours-et-sommaire\/#breadcrumb\"},\"inLanguage\":\"pt-BR\",\"potentialAction\":[{\"@type\":\"ReadAction\",\"target\":[\"https:\/\/www.grandesassisesamp2022.com\/pt-br\/scilicet-ours-et-sommaire\/\"]}]},{\"@type\":\"BreadcrumbList\",\"@id\":\"https:\/\/www.grandesassisesamp2022.com\/pt-br\/scilicet-ours-et-sommaire\/#breadcrumb\",\"itemListElement\":[{\"@type\":\"ListItem\",\"position\":1,\"name\":\"Accueil\",\"item\":\"https:\/\/www.grandesassisesamp2022.com\/pt-br\/\"},{\"@type\":\"ListItem\",\"position\":2,\"name\":\"Volumen Scilicet &#8211; Sum\u00e1rio\"}]},{\"@type\":\"WebSite\",\"@id\":\"https:\/\/www.grandesassisesamp2022.com\/#website\",\"url\":\"https:\/\/www.grandesassisesamp2022.com\/\",\"name\":\"Grandes assises AMP 2022\",\"description\":\"Paris\",\"potentialAction\":[{\"@type\":\"SearchAction\",\"target\":{\"@type\":\"EntryPoint\",\"urlTemplate\":\"https:\/\/www.grandesassisesamp2022.com\/?s={search_term_string}\"},\"query-input\":\"required name=search_term_string\"}],\"inLanguage\":\"pt-BR\"},{\"@type\":\"Person\",\"@id\":\"https:\/\/www.grandesassisesamp2022.com\/#\/schema\/person\/2fa9e0cb7f367fcf957986574be53f80\",\"name\":\"adminamp2022paris\",\"image\":{\"@type\":\"ImageObject\",\"inLanguage\":\"pt-BR\",\"@id\":\"https:\/\/www.grandesassisesamp2022.com\/#\/schema\/person\/image\/\",\"url\":\"https:\/\/secure.gravatar.com\/avatar\/b6f45d7384790c27f94e083e1181898e35a52a7087dd8b3fd3a6a81f19f6a9d3?s=96&d=mm&r=g\",\"contentUrl\":\"https:\/\/secure.gravatar.com\/avatar\/b6f45d7384790c27f94e083e1181898e35a52a7087dd8b3fd3a6a81f19f6a9d3?s=96&d=mm&r=g\",\"caption\":\"adminamp2022paris\"},\"sameAs\":[\"https:\/\/www.congresamp2022.com\"],\"url\":\"\"}]}<\/script>\n<!-- \/ Yoast SEO plugin. -->","yoast_head_json":{"title":"Volumen Scilicet - Sum\u00e1rio - Grandes assises AMP 2022","robots":{"index":"index","follow":"follow","max-snippet":"max-snippet:-1","max-image-preview":"max-image-preview:large","max-video-preview":"max-video-preview:-1"},"canonical":"https:\/\/www.grandesassisesamp2022.com\/pt-br\/scilicet-ours-et-sommaire\/","og_locale":"pt_BR","og_type":"article","og_title":"Volumen Scilicet - Sum\u00e1rio - Grandes assises AMP 2022","og_description":"Introdu\u00e7\u00e3o \u2013&nbsp;\u201cA menor mulher do mundo\u201d&nbsp;&#8211; Angelina Harari&nbsp; Abertura \u2013&nbsp;Os semblantes entre os sexos&nbsp;&#8211; Jacques-Alain Miller&nbsp; Argumento da Grande Conversa\u00e7\u00e3o Virtual Internacional da AMP \u2013&nbsp; \u201cA mulher n\u00e3o existe\u201d&nbsp;&#8211; Christiane Alberti&nbsp; Anatomia, identifica\u00e7\u00f5es, subjetiva\u00e7\u00e3o&nbsp; Apresenta\u00e7\u00e3o&nbsp;&#8211; S\u00e9rgio Laia&nbsp; Al\u00e9m da materialidade do corpo&nbsp;&#8211; Rosanna Tremante&nbsp; Do significante encarnado&nbsp;&#8211; Andrea V. Zelaya&nbsp; Apenas as mulheres se identificam&nbsp;&#8211;&hellip;&nbsp;Read More &raquo;Volumen Scilicet &#8211; Sum\u00e1rio","og_url":"https:\/\/www.grandesassisesamp2022.com\/pt-br\/scilicet-ours-et-sommaire\/","og_site_name":"Grandes assises AMP 2022","article_published_time":"2022-03-17T07:21:56+00:00","article_modified_time":"2022-03-26T11:50:50+00:00","author":"adminamp2022paris","twitter_card":"summary_large_image","twitter_misc":{"Escrito por":"Equipe Scilicet","Est. tempo de leitura":"5 minutos"},"schema":{"@context":"https:\/\/schema.org","@graph":[{"@type":"WebPage","@id":"https:\/\/www.grandesassisesamp2022.com\/pt-br\/scilicet-ours-et-sommaire\/","url":"https:\/\/www.grandesassisesamp2022.com\/pt-br\/scilicet-ours-et-sommaire\/","name":"Volumen Scilicet - Sum\u00e1rio - Grandes assises AMP 2022","isPartOf":{"@id":"https:\/\/www.grandesassisesamp2022.com\/#website"},"datePublished":"2022-03-17T07:21:56+00:00","dateModified":"2022-03-26T11:50:50+00:00","author":{"@id":"https:\/\/www.grandesassisesamp2022.com\/#\/schema\/person\/2fa9e0cb7f367fcf957986574be53f80"},"breadcrumb":{"@id":"https:\/\/www.grandesassisesamp2022.com\/pt-br\/scilicet-ours-et-sommaire\/#breadcrumb"},"inLanguage":"pt-BR","potentialAction":[{"@type":"ReadAction","target":["https:\/\/www.grandesassisesamp2022.com\/pt-br\/scilicet-ours-et-sommaire\/"]}]},{"@type":"BreadcrumbList","@id":"https:\/\/www.grandesassisesamp2022.com\/pt-br\/scilicet-ours-et-sommaire\/#breadcrumb","itemListElement":[{"@type":"ListItem","position":1,"name":"Accueil","item":"https:\/\/www.grandesassisesamp2022.com\/pt-br\/"},{"@type":"ListItem","position":2,"name":"Volumen Scilicet &#8211; Sum\u00e1rio"}]},{"@type":"WebSite","@id":"https:\/\/www.grandesassisesamp2022.com\/#website","url":"https:\/\/www.grandesassisesamp2022.com\/","name":"Grandes assises AMP 2022","description":"Paris","potentialAction":[{"@type":"SearchAction","target":{"@type":"EntryPoint","urlTemplate":"https:\/\/www.grandesassisesamp2022.com\/?s={search_term_string}"},"query-input":"required name=search_term_string"}],"inLanguage":"pt-BR"},{"@type":"Person","@id":"https:\/\/www.grandesassisesamp2022.com\/#\/schema\/person\/2fa9e0cb7f367fcf957986574be53f80","name":"adminamp2022paris","image":{"@type":"ImageObject","inLanguage":"pt-BR","@id":"https:\/\/www.grandesassisesamp2022.com\/#\/schema\/person\/image\/","url":"https:\/\/secure.gravatar.com\/avatar\/b6f45d7384790c27f94e083e1181898e35a52a7087dd8b3fd3a6a81f19f6a9d3?s=96&d=mm&r=g","contentUrl":"https:\/\/secure.gravatar.com\/avatar\/b6f45d7384790c27f94e083e1181898e35a52a7087dd8b3fd3a6a81f19f6a9d3?s=96&d=mm&r=g","caption":"adminamp2022paris"},"sameAs":["https:\/\/www.congresamp2022.com"],"url":""}]}},"_links":{"self":[{"href":"https:\/\/www.grandesassisesamp2022.com\/pt-br\/wp-json\/wp\/v2\/posts\/15649","targetHints":{"allow":["GET"]}}],"collection":[{"href":"https:\/\/www.grandesassisesamp2022.com\/pt-br\/wp-json\/wp\/v2\/posts"}],"about":[{"href":"https:\/\/www.grandesassisesamp2022.com\/pt-br\/wp-json\/wp\/v2\/types\/post"}],"author":[{"embeddable":true,"href":"https:\/\/www.grandesassisesamp2022.com\/pt-br\/wp-json\/wp\/v2\/users\/1"}],"replies":[{"embeddable":true,"href":"https:\/\/www.grandesassisesamp2022.com\/pt-br\/wp-json\/wp\/v2\/comments?post=15649"}],"version-history":[{"count":6,"href":"https:\/\/www.grandesassisesamp2022.com\/pt-br\/wp-json\/wp\/v2\/posts\/15649\/revisions"}],"predecessor-version":[{"id":16677,"href":"https:\/\/www.grandesassisesamp2022.com\/pt-br\/wp-json\/wp\/v2\/posts\/15649\/revisions\/16677"}],"wp:attachment":[{"href":"https:\/\/www.grandesassisesamp2022.com\/pt-br\/wp-json\/wp\/v2\/media?parent=15649"}],"wp:term":[{"taxonomy":"category","embeddable":true,"href":"https:\/\/www.grandesassisesamp2022.com\/pt-br\/wp-json\/wp\/v2\/categories?post=15649"},{"taxonomy":"post_tag","embeddable":true,"href":"https:\/\/www.grandesassisesamp2022.com\/pt-br\/wp-json\/wp\/v2\/tags?post=15649"}],"curies":[{"name":"wp","href":"https:\/\/api.w.org\/{rel}","templated":true}]}}