{"id":11669,"date":"2022-01-17T18:00:00","date_gmt":"2022-01-17T17:00:00","guid":{"rendered":"https:\/\/www.grandesassisesamp2022.com\/?p=11669"},"modified":"2022-01-18T16:54:15","modified_gmt":"2022-01-18T15:54:15","slug":"anatomia-identificacoes-subjetivacao","status":"publish","type":"post","link":"https:\/\/www.grandesassisesamp2022.com\/pt-br\/anatomia-identificacoes-subjetivacao\/","title":{"rendered":"Anatomia, identifica\u00e7\u00f5es, subjetiva\u00e7\u00e3o"},"content":{"rendered":"\n<p>Para o que n\u00e3o existe, \u00e9 imposs\u00edvel encontrar alguma correspond\u00eancia anat\u00f4mica, ou marcas capazes de identific\u00e1-lo, e ele tamb\u00e9m se mostra alheio ao que \u00e9 subjetiv\u00e1vel. Por\u00e9m, quando o que n\u00e3o existe \u00e9 a mulher, constata-se que tal inexist\u00eancia n\u00e3o \u00e9 sem corpo, faz proliferar as identifica\u00e7\u00f5es e evoca um vazio que n\u00e3o deixa de se demarcar na evanesc\u00eancia mesma do sujeito que, como um ato falho, aparece com seu desaparecimento ou ilumina-se ao apagar-se.<\/p>\n\n\n\n<p>A concep\u00e7\u00e3o de um corpo tecido com furos, palavras e gozo; a pregn\u00e2ncia da identifica\u00e7\u00e3o nas mulheres (e seu esvaziamento em anor\u00e9xicas); os enigmas dos corpos\u00a0<em>trans<\/em>femininos<em>\u00a0<\/em>e at\u00e9 mesmo uma cena infantil que Lacan extrai de sua vida s\u00e3o refer\u00eancias das quais respectivamente se vale cada um dos quatro textos desta parte de\u00a0<em>Scilicet<\/em>. Sua leitura ajuda-nos a elucidar como a inexist\u00eancia da mulher pode at\u00e9 nos fazer prescindir de aspectos anat\u00f4micos, identificat\u00f3rios e subjetivos para abord\u00e1-la, mas desde que nos sirvamos do que excede a anatomia dos corpos e do que as identifica\u00e7\u00f5es e a subjetiva\u00e7\u00e3o demarcam com o vazio e o furo que, em v\u00e3o, tentam\u00a0escamotear.<\/p>\n","protected":false},"excerpt":{"rendered":"<p>Para o que n\u00e3o existe, \u00e9 imposs\u00edvel encontrar alguma correspond\u00eancia anat\u00f4mica, ou marcas capazes de identific\u00e1-lo, e ele tamb\u00e9m se mostra alheio ao que \u00e9 subjetiv\u00e1vel. Por\u00e9m, quando o que n\u00e3o existe \u00e9 a mulher, constata-se que tal inexist\u00eancia n\u00e3o \u00e9 sem corpo, faz proliferar as identifica\u00e7\u00f5es e evoca um vazio que n\u00e3o deixa de&hellip;&nbsp;<a href=\"https:\/\/www.grandesassisesamp2022.com\/pt-br\/anatomia-identificacoes-subjetivacao\/\" class=\"\" rel=\"bookmark\">Read More &raquo;<span class=\"screen-reader-text\">Anatomia, identifica\u00e7\u00f5es, subjetiva\u00e7\u00e3o<\/span><\/a><\/p>\n","protected":false},"author":13,"featured_media":0,"comment_status":"open","ping_status":"open","sticky":false,"template":"","format":"standard","meta":{"neve_meta_sidebar":"","neve_meta_container":"","neve_meta_enable_content_width":"","neve_meta_content_width":0,"neve_meta_title_alignment":"","neve_meta_author_avatar":"","neve_post_elements_order":"","neve_meta_disable_header":"","neve_meta_disable_footer":"","neve_meta_disable_title":"","footnotes":""},"categories":[95],"tags":[],"class_list":["post-11669","post","type-post","status-publish","format-standard","hentry","category-scilicet-pt-br"],"acf":[],"yoast_head":"<!-- This site is optimized with the Yoast SEO plugin v20.1 - https:\/\/yoast.com\/wordpress\/plugins\/seo\/ -->\n<title>Anatomia, identifica\u00e7\u00f5es, subjetiva\u00e7\u00e3o - Grandes assises AMP 2022<\/title>\n<meta name=\"robots\" content=\"index, follow, max-snippet:-1, max-image-preview:large, max-video-preview:-1\" \/>\n<link rel=\"canonical\" href=\"https:\/\/www.grandesassisesamp2022.com\/pt-br\/anatomia-identificacoes-subjetivacao\/\" \/>\n<meta property=\"og:locale\" content=\"pt_BR\" \/>\n<meta property=\"og:type\" content=\"article\" \/>\n<meta property=\"og:title\" content=\"Anatomia, identifica\u00e7\u00f5es, subjetiva\u00e7\u00e3o - Grandes assises AMP 2022\" \/>\n<meta property=\"og:description\" content=\"Para o que n\u00e3o existe, \u00e9 imposs\u00edvel encontrar alguma correspond\u00eancia anat\u00f4mica, ou marcas capazes de identific\u00e1-lo, e ele tamb\u00e9m se mostra alheio ao que \u00e9 subjetiv\u00e1vel. Por\u00e9m, quando o que n\u00e3o existe \u00e9 a mulher, constata-se que tal inexist\u00eancia n\u00e3o \u00e9 sem corpo, faz proliferar as identifica\u00e7\u00f5es e evoca um vazio que n\u00e3o deixa de&hellip;&nbsp;Read More &raquo;Anatomia, identifica\u00e7\u00f5es, subjetiva\u00e7\u00e3o\" \/>\n<meta property=\"og:url\" content=\"https:\/\/www.grandesassisesamp2022.com\/pt-br\/anatomia-identificacoes-subjetivacao\/\" \/>\n<meta property=\"og:site_name\" content=\"Grandes assises AMP 2022\" \/>\n<meta property=\"article:published_time\" content=\"2022-01-17T17:00:00+00:00\" \/>\n<meta property=\"article:modified_time\" content=\"2022-01-18T15:54:15+00:00\" \/>\n<meta name=\"author\" content=\"Anne Colombel-Plouzennec\" \/>\n<meta name=\"twitter:card\" content=\"summary_large_image\" \/>\n<meta name=\"twitter:label1\" content=\"Escrito por\" \/>\n\t<meta name=\"twitter:data1\" content=\"S\u00e9rgio Laia\" \/>\n\t<meta name=\"twitter:label2\" content=\"Est. tempo de leitura\" \/>\n\t<meta name=\"twitter:data2\" content=\"1 minuto\" \/>\n<script type=\"application\/ld+json\" class=\"yoast-schema-graph\">{\"@context\":\"https:\/\/schema.org\",\"@graph\":[{\"@type\":\"WebPage\",\"@id\":\"https:\/\/www.grandesassisesamp2022.com\/pt-br\/anatomia-identificacoes-subjetivacao\/\",\"url\":\"https:\/\/www.grandesassisesamp2022.com\/pt-br\/anatomia-identificacoes-subjetivacao\/\",\"name\":\"Anatomia, identifica\u00e7\u00f5es, subjetiva\u00e7\u00e3o - Grandes assises AMP 2022\",\"isPartOf\":{\"@id\":\"https:\/\/www.grandesassisesamp2022.com\/#website\"},\"datePublished\":\"2022-01-17T17:00:00+00:00\",\"dateModified\":\"2022-01-18T15:54:15+00:00\",\"author\":{\"@id\":\"https:\/\/www.grandesassisesamp2022.com\/#\/schema\/person\/afb807a7df86ab26826226b3e60e2a29\"},\"breadcrumb\":{\"@id\":\"https:\/\/www.grandesassisesamp2022.com\/pt-br\/anatomia-identificacoes-subjetivacao\/#breadcrumb\"},\"inLanguage\":\"pt-BR\",\"potentialAction\":[{\"@type\":\"ReadAction\",\"target\":[\"https:\/\/www.grandesassisesamp2022.com\/pt-br\/anatomia-identificacoes-subjetivacao\/\"]}]},{\"@type\":\"BreadcrumbList\",\"@id\":\"https:\/\/www.grandesassisesamp2022.com\/pt-br\/anatomia-identificacoes-subjetivacao\/#breadcrumb\",\"itemListElement\":[{\"@type\":\"ListItem\",\"position\":1,\"name\":\"Accueil\",\"item\":\"https:\/\/www.grandesassisesamp2022.com\/pt-br\/\"},{\"@type\":\"ListItem\",\"position\":2,\"name\":\"Anatomia, identifica\u00e7\u00f5es, subjetiva\u00e7\u00e3o\"}]},{\"@type\":\"WebSite\",\"@id\":\"https:\/\/www.grandesassisesamp2022.com\/#website\",\"url\":\"https:\/\/www.grandesassisesamp2022.com\/\",\"name\":\"Grandes assises AMP 2022\",\"description\":\"Paris\",\"potentialAction\":[{\"@type\":\"SearchAction\",\"target\":{\"@type\":\"EntryPoint\",\"urlTemplate\":\"https:\/\/www.grandesassisesamp2022.com\/?s={search_term_string}\"},\"query-input\":\"required name=search_term_string\"}],\"inLanguage\":\"pt-BR\"},{\"@type\":\"Person\",\"@id\":\"https:\/\/www.grandesassisesamp2022.com\/#\/schema\/person\/afb807a7df86ab26826226b3e60e2a29\",\"name\":\"Anne Colombel-Plouzennec\",\"image\":{\"@type\":\"ImageObject\",\"inLanguage\":\"pt-BR\",\"@id\":\"https:\/\/www.grandesassisesamp2022.com\/#\/schema\/person\/image\/\",\"url\":\"https:\/\/secure.gravatar.com\/avatar\/80d6c7b1ccd81d04b4d32c5212f51eeb21422d492a52867c47c278d64b69670c?s=96&d=mm&r=g\",\"contentUrl\":\"https:\/\/secure.gravatar.com\/avatar\/80d6c7b1ccd81d04b4d32c5212f51eeb21422d492a52867c47c278d64b69670c?s=96&d=mm&r=g\",\"caption\":\"Anne Colombel-Plouzennec\"},\"url\":\"\"}]}<\/script>\n<!-- \/ Yoast SEO plugin. -->","yoast_head_json":{"title":"Anatomia, identifica\u00e7\u00f5es, subjetiva\u00e7\u00e3o - Grandes assises AMP 2022","robots":{"index":"index","follow":"follow","max-snippet":"max-snippet:-1","max-image-preview":"max-image-preview:large","max-video-preview":"max-video-preview:-1"},"canonical":"https:\/\/www.grandesassisesamp2022.com\/pt-br\/anatomia-identificacoes-subjetivacao\/","og_locale":"pt_BR","og_type":"article","og_title":"Anatomia, identifica\u00e7\u00f5es, subjetiva\u00e7\u00e3o - Grandes assises AMP 2022","og_description":"Para o que n\u00e3o existe, \u00e9 imposs\u00edvel encontrar alguma correspond\u00eancia anat\u00f4mica, ou marcas capazes de identific\u00e1-lo, e ele tamb\u00e9m se mostra alheio ao que \u00e9 subjetiv\u00e1vel. Por\u00e9m, quando o que n\u00e3o existe \u00e9 a mulher, constata-se que tal inexist\u00eancia n\u00e3o \u00e9 sem corpo, faz proliferar as identifica\u00e7\u00f5es e evoca um vazio que n\u00e3o deixa de&hellip;&nbsp;Read More &raquo;Anatomia, identifica\u00e7\u00f5es, subjetiva\u00e7\u00e3o","og_url":"https:\/\/www.grandesassisesamp2022.com\/pt-br\/anatomia-identificacoes-subjetivacao\/","og_site_name":"Grandes assises AMP 2022","article_published_time":"2022-01-17T17:00:00+00:00","article_modified_time":"2022-01-18T15:54:15+00:00","author":"Anne Colombel-Plouzennec","twitter_card":"summary_large_image","twitter_misc":{"Escrito por":"S\u00e9rgio Laia","Est. tempo de leitura":"1 minuto"},"schema":{"@context":"https:\/\/schema.org","@graph":[{"@type":"WebPage","@id":"https:\/\/www.grandesassisesamp2022.com\/pt-br\/anatomia-identificacoes-subjetivacao\/","url":"https:\/\/www.grandesassisesamp2022.com\/pt-br\/anatomia-identificacoes-subjetivacao\/","name":"Anatomia, identifica\u00e7\u00f5es, subjetiva\u00e7\u00e3o - Grandes assises AMP 2022","isPartOf":{"@id":"https:\/\/www.grandesassisesamp2022.com\/#website"},"datePublished":"2022-01-17T17:00:00+00:00","dateModified":"2022-01-18T15:54:15+00:00","author":{"@id":"https:\/\/www.grandesassisesamp2022.com\/#\/schema\/person\/afb807a7df86ab26826226b3e60e2a29"},"breadcrumb":{"@id":"https:\/\/www.grandesassisesamp2022.com\/pt-br\/anatomia-identificacoes-subjetivacao\/#breadcrumb"},"inLanguage":"pt-BR","potentialAction":[{"@type":"ReadAction","target":["https:\/\/www.grandesassisesamp2022.com\/pt-br\/anatomia-identificacoes-subjetivacao\/"]}]},{"@type":"BreadcrumbList","@id":"https:\/\/www.grandesassisesamp2022.com\/pt-br\/anatomia-identificacoes-subjetivacao\/#breadcrumb","itemListElement":[{"@type":"ListItem","position":1,"name":"Accueil","item":"https:\/\/www.grandesassisesamp2022.com\/pt-br\/"},{"@type":"ListItem","position":2,"name":"Anatomia, identifica\u00e7\u00f5es, subjetiva\u00e7\u00e3o"}]},{"@type":"WebSite","@id":"https:\/\/www.grandesassisesamp2022.com\/#website","url":"https:\/\/www.grandesassisesamp2022.com\/","name":"Grandes assises AMP 2022","description":"Paris","potentialAction":[{"@type":"SearchAction","target":{"@type":"EntryPoint","urlTemplate":"https:\/\/www.grandesassisesamp2022.com\/?s={search_term_string}"},"query-input":"required name=search_term_string"}],"inLanguage":"pt-BR"},{"@type":"Person","@id":"https:\/\/www.grandesassisesamp2022.com\/#\/schema\/person\/afb807a7df86ab26826226b3e60e2a29","name":"Anne Colombel-Plouzennec","image":{"@type":"ImageObject","inLanguage":"pt-BR","@id":"https:\/\/www.grandesassisesamp2022.com\/#\/schema\/person\/image\/","url":"https:\/\/secure.gravatar.com\/avatar\/80d6c7b1ccd81d04b4d32c5212f51eeb21422d492a52867c47c278d64b69670c?s=96&d=mm&r=g","contentUrl":"https:\/\/secure.gravatar.com\/avatar\/80d6c7b1ccd81d04b4d32c5212f51eeb21422d492a52867c47c278d64b69670c?s=96&d=mm&r=g","caption":"Anne Colombel-Plouzennec"},"url":""}]}},"_links":{"self":[{"href":"https:\/\/www.grandesassisesamp2022.com\/pt-br\/wp-json\/wp\/v2\/posts\/11669","targetHints":{"allow":["GET"]}}],"collection":[{"href":"https:\/\/www.grandesassisesamp2022.com\/pt-br\/wp-json\/wp\/v2\/posts"}],"about":[{"href":"https:\/\/www.grandesassisesamp2022.com\/pt-br\/wp-json\/wp\/v2\/types\/post"}],"author":[{"embeddable":true,"href":"https:\/\/www.grandesassisesamp2022.com\/pt-br\/wp-json\/wp\/v2\/users\/13"}],"replies":[{"embeddable":true,"href":"https:\/\/www.grandesassisesamp2022.com\/pt-br\/wp-json\/wp\/v2\/comments?post=11669"}],"version-history":[{"count":2,"href":"https:\/\/www.grandesassisesamp2022.com\/pt-br\/wp-json\/wp\/v2\/posts\/11669\/revisions"}],"predecessor-version":[{"id":11738,"href":"https:\/\/www.grandesassisesamp2022.com\/pt-br\/wp-json\/wp\/v2\/posts\/11669\/revisions\/11738"}],"wp:attachment":[{"href":"https:\/\/www.grandesassisesamp2022.com\/pt-br\/wp-json\/wp\/v2\/media?parent=11669"}],"wp:term":[{"taxonomy":"category","embeddable":true,"href":"https:\/\/www.grandesassisesamp2022.com\/pt-br\/wp-json\/wp\/v2\/categories?post=11669"},{"taxonomy":"post_tag","embeddable":true,"href":"https:\/\/www.grandesassisesamp2022.com\/pt-br\/wp-json\/wp\/v2\/tags?post=11669"}],"curies":[{"name":"wp","href":"https:\/\/api.w.org\/{rel}","templated":true}]}}