{"id":9675,"date":"2021-09-06T18:00:00","date_gmt":"2021-09-06T16:00:00","guid":{"rendered":"https:\/\/www.grandesassisesamp2022.com\/une-affaire-de-disparition-l-sest-barre-3\/"},"modified":"2021-09-17T21:22:20","modified_gmt":"2021-09-17T19:22:20","slug":"une-affaire-de-disparition-l-sest-barre-3","status":"publish","type":"post","link":"https:\/\/www.grandesassisesamp2022.com\/it\/une-affaire-de-disparition-l-sest-barre-3\/","title":{"rendered":"Un affare di scomparsa: L[i] se l\u2019\u00e8 filata[ii]"},"content":{"rendered":"\n<p>\u2013\u201cCome sarebbe? Completamente folli questi lacaniani! All\u2019epoca del\u00a0<em>#MeToo,\u00a0<\/em>dei social, dei nuovi femminismi, dell\u2019ortografia inclusiva, osare dire una cosa simile, \u00e8 una provocazione! E il buon senso allora? Perch\u00e9 questo rientra nel senso, elle esistono, caro signore e cara signora, e voi pretendereste il contrario! Fate attenzione a ci\u00f2 che dite\u2026\u201d<\/p>\n\n\n\n<p>\u2013\u201cCara e caro indignato\/a, voi avete ragione di dirmi di fare attenzione a quello che dico.<\/p>\n\n\n\n<p>\u2013L\u2019epoca ultraliberale degli\u00a0<em>uni-tutti-soli\u00a0<\/em>\u00e8 l\u2019epoca ultra-autoritaria della censura generalizzata. L\u2019offesa incombe quasi ad ogni parola pronunciata. Ma siate attento(a) anche voi alla scrittura, perch\u00e9 \u00e8 questo ci\u00f2 di cui si tratta: di una lettera e di una barra su questa lettera. Il termine, il sostantivo, donna, non \u00e8 barrato. La barra cade su L che \u00e8 un articolo definito. Dunque le donne esistono, delle donne esistono, voi esistete come voi potrete, come noi possiamo sotto al terrore del buon senso attuale, del senso comune che, fedele alla sua funzione, \u00e8 discorso di dominazione. La formulazione che vi indigna non appartiene proprio a nessun discorso di dominazione, perch\u00e9 appartiene al discorso della psicoanalisi<\/p>\n\n\n\n<p>\u2013\u201cLei aspirerebbe a un discorso differente!\u201d<\/p>\n\n\n\n<p>\u2013\u201cNessun bisogno di aspirare, quando dite voi stessi che lo trovate incomprensibile. Anche su questo non posso che darvi ragione. Perch\u00e9 si tratta precisamente di lasciar cadere questo senso che ingombra e che \u00e8 causa d\u2019indignazione.<\/p>\n\n\n\n<p>\u2013\u201cAllora perch\u00e9 questa barra alla fine?\u201d<\/p>\n\n\n\n<p>\u2013\u201cPer cominciare, poniamo che la psicoanalisi di orientamento lacaniano parte dal constatare che i corpi degli esseri umani sono parlanti. Non si tratta di anatomia o di genetica. Il campo epistemico della psicoanalisi si limita a quello del linguaggio, della parola, de\u00a0<em>lalingua\u00a0<\/em>e del discorso. I nostri strumenti di lavoro sono le parole e i suoni. Da questo punto di vista le donne sono degli uomini come gli altri. Si organizzano nella categoria dei parlessere. Il linguaggio e il discorso, che \u00e8 la sua messa in opera nel legame sociale, il sistema significante dunque, funziona secondo un codice binario: S1-S2, il giorno\/ la notte, salire\/scendere, unire\/separare o ancora il corpo\/l\u2019anima, la vita\/la morte ed evidentemente l\u2019uomo\/la donna. Queste opposizioni possono mettere in gioco un legame di complementariet\u00e0.\u00a0\u00a0Tra l\u2019uomo e la donna, l\u2019interpretazione che s\u2019impone, a scapito di ogni realt\u00e0, \u00e8 che essi si complementino. Si d\u00e0 il caso in quanto sono dei significanti. Questo produce una mancanza grazie alla sostituzione, una mancanza ad essere che si scrive S barrato. Ma dal punto di vista della differenziazione sessuale, \u00e8 un fallimento. Nel 1971-72<a href=\"applewebdata:\/\/20581BD4-2FA4-4349-AAB3-5C24FBF0D308#_edn1\"><sup>[1]<\/sup><\/a><sup>\u00a0<\/sup>Lacan dice \u201c\u00e8 perfettamente chiaro che non c\u2019\u00e8 modo di ripartire due serie qualsiasi \u2013 dico qualsiasi &#8211; con attributi che formino una serie maschile da una parte, e, dall\u2019altra, la serie femminile\u201d<a href=\"applewebdata:\/\/20581BD4-2FA4-4349-AAB3-5C24FBF0D308#_edn2\"><sup>[2]<\/sup><\/a>. Abbiamo dunque assistito a degli sforzi che hanno utilizzato l\u2019opposizione attivo\/passivo per situare questa differenza nel sociale e nel sessuale- Lacan evidenzia cos\u00ec lo scacco di questo tentativo, arrivando fino ad affermare \u201c<em>anche nella vita normale, anche a caccia,\u00a0<\/em>\u201cl\u2019uomo d\u00e0 prova di quel che ha di meglio, ossia l\u2019essere passivo [\u2026] Vale anche per la pesca, e insomma per tutto ci\u00f2 per cui l\u2019uomo \u00e8 donna\u201d<a href=\"applewebdata:\/\/20581BD4-2FA4-4349-AAB3-5C24FBF0D308#_edn3\"><sup>[3]<\/sup><\/a>.<\/p>\n\n\n\n<p>Nel campo dei significanti e della complementariet\u00e0, non c\u2019\u00e8 dunque alcun mezzo di saturare la differenza sessuale. Si resta in effetti nell\u2019impero dell\u2019universale, garantito da un\u2019eccezione impossibile.&nbsp;&nbsp;Se l\u2019universale vale per tutti i soggetti parlanti, non coglie la differenza. Il passo di pi\u00f9 \u00e8 di seguire, non il filo delle identificazioni, ma quello del godimento.<\/p>\n\n\n\n<p>La soluzione consiste nell\u2019introdurre una nuova variabile, la variabile \u201csupplementare\u201d.<\/p>\n\n\n\n<p>Il femminile viene non ad opporsi al maschile, ma talvolta in un modo aleatorio, a supplementarlo. Lacan nomina questa variabile\u00a0<em>non-tutto.<\/em>\u00a0La differenza non \u00e8 la conseguenza di un\u2019eccezione unica e l\u2019universale crolla. La barra sul La, scrive questo. \u00c8 una mancanza che viene a raddoppiare,\u00a0<em>c\u00f4t\u00e9<\/em>\u00a0femminile la mancanza ad essere che caratterizza ogni essere parlante. La mancanza al quadrato. Ma resta un posto, cos\u00ec come lo enuncia Jacques-Alain Miller \u201cLa donna non esiste, ossia L barrato, non significa che il luogo della donna non esiste, ma che questo luogo \u00e8 essenzialmente vuoto. Che questo luogo resti vuoto non impedisce che vi si possa incontrare qualcosa\u201d<a href=\"applewebdata:\/\/20581BD4-2FA4-4349-AAB3-5C24FBF0D308#_edn4\"><sup>[4]<\/sup><\/a><\/p>\n\n\n\n<p>In effetti questa barra su L scrive l\u2019esistenza di un godimento altro, un godimento della cancellazione che tocca l\u2019immagine, il nome e l\u2019<em>Uno.<\/em>&nbsp;Cernere questo godimento femminile che nega l\u2019universale, \u00e8 la scommessa della ricerca analitica. E, dice Lacan, nel seminario Ancora, liberi i cosiddetti uomini di entrarci. Certi ne hanno gi\u00e0 testimoniato, altri lo faranno. Ma attenzione non trasformiamo il&nbsp;<em>non tutto<\/em>&nbsp;in parola d\u2019ordine o in speranza, scomparirebbe immediatamente! Il silenzio anche, va bene.\u201d<\/p>\n\n\n\n<p><em>Traduzione di Francesca Carmignani<\/em><\/p>\n\n\n\n<hr class=\"wp-block-separator\"\/>\n\n\n\n<p><a href=\"applewebdata:\/\/20581BD4-2FA4-4349-AAB3-5C24FBF0D308#_ftnref1\"><\/a>&nbsp;<\/p>\n\n\n\n<p><sup>[i]<\/sup>&nbsp;Equivoco omofonico francese intraducibile in italiano tra&nbsp;<em>L<\/em>, la lettera elle, ed&nbsp;<em>elle<\/em>&nbsp;(lei) (N.d.T.).<\/p>\n\n\n\n<p><sup>[ii]<\/sup>&nbsp;Equivoco che sfrutta la plurisignificazione del verbo&nbsp;<em>se barrer,&nbsp;<\/em>traducibile con barrarsi e filarsela (N.d.T.)<\/p>\n\n\n\n<hr class=\"wp-block-separator\"\/>\n\n\n\n<p><a href=\"applewebdata:\/\/20581BD4-2FA4-4349-AAB3-5C24FBF0D308#_ednref1\"><sup>[1]<\/sup><\/a>&nbsp;Cfr.&nbsp;J. Lacan,&nbsp;<em>Il Seminario. Libro XIX, \u2026 O peggio<\/em>, Einaudi, Torino, 2020.<\/p>\n\n\n\n<p><a href=\"applewebdata:\/\/20581BD4-2FA4-4349-AAB3-5C24FBF0D308#_ednref2\"><sup>[2]<\/sup><\/a>&nbsp;Op. cit. p. 183.<\/p>\n\n\n\n<p><a href=\"applewebdata:\/\/20581BD4-2FA4-4349-AAB3-5C24FBF0D308#_ednref3\"><sup>[3]<\/sup><\/a>&nbsp;Op. cit.&nbsp;p.183-184.<\/p>\n\n\n\n<p><a href=\"applewebdata:\/\/20581BD4-2FA4-4349-AAB3-5C24FBF0D308#_ednref4\"><sup>[4]<\/sup><\/a>&nbsp;J.-A. Miller, \u201cDei sembianti nella relazione tra i sessi\u201d in&nbsp;<em>La Psicoanalisi<\/em>&nbsp;n.45, Astrolabio, Roma, 2009, p.13.<\/p>\n","protected":false},"excerpt":{"rendered":"<p>\u2013\u201cCome sarebbe? Completamente folli questi lacaniani! All\u2019epoca del\u00a0#MeToo,\u00a0dei social, dei nuovi femminismi, dell\u2019ortografia inclusiva, osare dire una cosa simile, \u00e8 una provocazione! E il buon senso allora? Perch\u00e9 questo rientra nel senso, elle esistono, caro signore e cara signora, e voi pretendereste il contrario! Fate attenzione a ci\u00f2 che dite\u2026\u201d \u2013\u201cCara e caro indignato\/a, voi&hellip;&nbsp;<a href=\"https:\/\/www.grandesassisesamp2022.com\/it\/une-affaire-de-disparition-l-sest-barre-3\/\" class=\"\" rel=\"bookmark\">Read More &raquo;<span class=\"screen-reader-text\">Un affare di scomparsa: L[i] se l\u2019\u00e8 filata[ii]<\/span><\/a><\/p>\n","protected":false},"author":13,"featured_media":0,"comment_status":"open","ping_status":"open","sticky":false,"template":"","format":"standard","meta":{"neve_meta_sidebar":"","neve_meta_container":"","neve_meta_enable_content_width":"","neve_meta_content_width":0,"neve_meta_title_alignment":"","neve_meta_author_avatar":"","neve_post_elements_order":"","neve_meta_disable_header":"","neve_meta_disable_footer":"","neve_meta_disable_title":"","footnotes":""},"categories":[73],"tags":[],"class_list":["post-9675","post","type-post","status-publish","format-standard","hentry","category-argumenti"],"acf":[],"yoast_head":"<!-- This site is optimized with the Yoast SEO plugin v20.1 - https:\/\/yoast.com\/wordpress\/plugins\/seo\/ -->\n<title>Un affare di scomparsa: L[i] se l\u2019\u00e8 filata[ii] - Grandes assises AMP 2022<\/title>\n<meta name=\"robots\" content=\"index, follow, max-snippet:-1, max-image-preview:large, max-video-preview:-1\" \/>\n<link rel=\"canonical\" href=\"https:\/\/www.grandesassisesamp2022.com\/it\/une-affaire-de-disparition-l-sest-barre-3\/\" \/>\n<meta property=\"og:locale\" content=\"it_IT\" \/>\n<meta property=\"og:type\" content=\"article\" \/>\n<meta property=\"og:title\" content=\"Un affare di scomparsa: L[i] se l\u2019\u00e8 filata[ii] - Grandes assises AMP 2022\" \/>\n<meta property=\"og:description\" content=\"\u2013\u201cCome sarebbe? Completamente folli questi lacaniani! All\u2019epoca del\u00a0#MeToo,\u00a0dei social, dei nuovi femminismi, dell\u2019ortografia inclusiva, osare dire una cosa simile, \u00e8 una provocazione! E il buon senso allora? Perch\u00e9 questo rientra nel senso, elle esistono, caro signore e cara signora, e voi pretendereste il contrario! Fate attenzione a ci\u00f2 che dite\u2026\u201d \u2013\u201cCara e caro indignato\/a, voi&hellip;&nbsp;Read More &raquo;Un affare di scomparsa: L[i] se l\u2019\u00e8 filata[ii]\" \/>\n<meta property=\"og:url\" content=\"https:\/\/www.grandesassisesamp2022.com\/it\/une-affaire-de-disparition-l-sest-barre-3\/\" \/>\n<meta property=\"og:site_name\" content=\"Grandes assises AMP 2022\" \/>\n<meta property=\"article:published_time\" content=\"2021-09-06T16:00:00+00:00\" \/>\n<meta property=\"article:modified_time\" content=\"2021-09-17T19:22:20+00:00\" \/>\n<meta name=\"author\" content=\"Anne Colombel-Plouzennec\" \/>\n<meta name=\"twitter:card\" content=\"summary_large_image\" \/>\n<meta name=\"twitter:label1\" content=\"Scritto da\" \/>\n\t<meta name=\"twitter:data1\" content=\"Marie-H\u00e9l\u00e8ne Brousse\" \/>\n\t<meta name=\"twitter:label2\" content=\"Tempo di lettura stimato\" \/>\n\t<meta name=\"twitter:data2\" content=\"4 minuti\" \/>\n<script type=\"application\/ld+json\" class=\"yoast-schema-graph\">{\"@context\":\"https:\/\/schema.org\",\"@graph\":[{\"@type\":\"WebPage\",\"@id\":\"https:\/\/www.grandesassisesamp2022.com\/it\/une-affaire-de-disparition-l-sest-barre-3\/\",\"url\":\"https:\/\/www.grandesassisesamp2022.com\/it\/une-affaire-de-disparition-l-sest-barre-3\/\",\"name\":\"Un affare di scomparsa: L[i] se l\u2019\u00e8 filata[ii] - Grandes assises AMP 2022\",\"isPartOf\":{\"@id\":\"https:\/\/www.grandesassisesamp2022.com\/#website\"},\"datePublished\":\"2021-09-06T16:00:00+00:00\",\"dateModified\":\"2021-09-17T19:22:20+00:00\",\"author\":{\"@id\":\"https:\/\/www.grandesassisesamp2022.com\/#\/schema\/person\/afb807a7df86ab26826226b3e60e2a29\"},\"breadcrumb\":{\"@id\":\"https:\/\/www.grandesassisesamp2022.com\/it\/une-affaire-de-disparition-l-sest-barre-3\/#breadcrumb\"},\"inLanguage\":\"it-IT\",\"potentialAction\":[{\"@type\":\"ReadAction\",\"target\":[\"https:\/\/www.grandesassisesamp2022.com\/it\/une-affaire-de-disparition-l-sest-barre-3\/\"]}]},{\"@type\":\"BreadcrumbList\",\"@id\":\"https:\/\/www.grandesassisesamp2022.com\/it\/une-affaire-de-disparition-l-sest-barre-3\/#breadcrumb\",\"itemListElement\":[{\"@type\":\"ListItem\",\"position\":1,\"name\":\"Accueil\",\"item\":\"https:\/\/www.grandesassisesamp2022.com\/it\/\"},{\"@type\":\"ListItem\",\"position\":2,\"name\":\"Un affare di scomparsa: L[i] se l\u2019\u00e8 filata[ii]\"}]},{\"@type\":\"WebSite\",\"@id\":\"https:\/\/www.grandesassisesamp2022.com\/#website\",\"url\":\"https:\/\/www.grandesassisesamp2022.com\/\",\"name\":\"Grandes assises AMP 2022\",\"description\":\"Paris\",\"potentialAction\":[{\"@type\":\"SearchAction\",\"target\":{\"@type\":\"EntryPoint\",\"urlTemplate\":\"https:\/\/www.grandesassisesamp2022.com\/?s={search_term_string}\"},\"query-input\":\"required name=search_term_string\"}],\"inLanguage\":\"it-IT\"},{\"@type\":\"Person\",\"@id\":\"https:\/\/www.grandesassisesamp2022.com\/#\/schema\/person\/afb807a7df86ab26826226b3e60e2a29\",\"name\":\"Anne Colombel-Plouzennec\",\"image\":{\"@type\":\"ImageObject\",\"inLanguage\":\"it-IT\",\"@id\":\"https:\/\/www.grandesassisesamp2022.com\/#\/schema\/person\/image\/\",\"url\":\"https:\/\/secure.gravatar.com\/avatar\/80d6c7b1ccd81d04b4d32c5212f51eeb21422d492a52867c47c278d64b69670c?s=96&d=mm&r=g\",\"contentUrl\":\"https:\/\/secure.gravatar.com\/avatar\/80d6c7b1ccd81d04b4d32c5212f51eeb21422d492a52867c47c278d64b69670c?s=96&d=mm&r=g\",\"caption\":\"Anne Colombel-Plouzennec\"},\"url\":\"\"}]}<\/script>\n<!-- \/ Yoast SEO plugin. -->","yoast_head_json":{"title":"Un affare di scomparsa: L[i] se l\u2019\u00e8 filata[ii] - Grandes assises AMP 2022","robots":{"index":"index","follow":"follow","max-snippet":"max-snippet:-1","max-image-preview":"max-image-preview:large","max-video-preview":"max-video-preview:-1"},"canonical":"https:\/\/www.grandesassisesamp2022.com\/it\/une-affaire-de-disparition-l-sest-barre-3\/","og_locale":"it_IT","og_type":"article","og_title":"Un affare di scomparsa: L[i] se l\u2019\u00e8 filata[ii] - Grandes assises AMP 2022","og_description":"\u2013\u201cCome sarebbe? Completamente folli questi lacaniani! All\u2019epoca del\u00a0#MeToo,\u00a0dei social, dei nuovi femminismi, dell\u2019ortografia inclusiva, osare dire una cosa simile, \u00e8 una provocazione! E il buon senso allora? Perch\u00e9 questo rientra nel senso, elle esistono, caro signore e cara signora, e voi pretendereste il contrario! Fate attenzione a ci\u00f2 che dite\u2026\u201d \u2013\u201cCara e caro indignato\/a, voi&hellip;&nbsp;Read More &raquo;Un affare di scomparsa: L[i] se l\u2019\u00e8 filata[ii]","og_url":"https:\/\/www.grandesassisesamp2022.com\/it\/une-affaire-de-disparition-l-sest-barre-3\/","og_site_name":"Grandes assises AMP 2022","article_published_time":"2021-09-06T16:00:00+00:00","article_modified_time":"2021-09-17T19:22:20+00:00","author":"Anne Colombel-Plouzennec","twitter_card":"summary_large_image","twitter_misc":{"Scritto da":"Marie-H\u00e9l\u00e8ne Brousse","Tempo di lettura stimato":"4 minuti"},"schema":{"@context":"https:\/\/schema.org","@graph":[{"@type":"WebPage","@id":"https:\/\/www.grandesassisesamp2022.com\/it\/une-affaire-de-disparition-l-sest-barre-3\/","url":"https:\/\/www.grandesassisesamp2022.com\/it\/une-affaire-de-disparition-l-sest-barre-3\/","name":"Un affare di scomparsa: L[i] se l\u2019\u00e8 filata[ii] - Grandes assises AMP 2022","isPartOf":{"@id":"https:\/\/www.grandesassisesamp2022.com\/#website"},"datePublished":"2021-09-06T16:00:00+00:00","dateModified":"2021-09-17T19:22:20+00:00","author":{"@id":"https:\/\/www.grandesassisesamp2022.com\/#\/schema\/person\/afb807a7df86ab26826226b3e60e2a29"},"breadcrumb":{"@id":"https:\/\/www.grandesassisesamp2022.com\/it\/une-affaire-de-disparition-l-sest-barre-3\/#breadcrumb"},"inLanguage":"it-IT","potentialAction":[{"@type":"ReadAction","target":["https:\/\/www.grandesassisesamp2022.com\/it\/une-affaire-de-disparition-l-sest-barre-3\/"]}]},{"@type":"BreadcrumbList","@id":"https:\/\/www.grandesassisesamp2022.com\/it\/une-affaire-de-disparition-l-sest-barre-3\/#breadcrumb","itemListElement":[{"@type":"ListItem","position":1,"name":"Accueil","item":"https:\/\/www.grandesassisesamp2022.com\/it\/"},{"@type":"ListItem","position":2,"name":"Un affare di scomparsa: L[i] se l\u2019\u00e8 filata[ii]"}]},{"@type":"WebSite","@id":"https:\/\/www.grandesassisesamp2022.com\/#website","url":"https:\/\/www.grandesassisesamp2022.com\/","name":"Grandes assises AMP 2022","description":"Paris","potentialAction":[{"@type":"SearchAction","target":{"@type":"EntryPoint","urlTemplate":"https:\/\/www.grandesassisesamp2022.com\/?s={search_term_string}"},"query-input":"required name=search_term_string"}],"inLanguage":"it-IT"},{"@type":"Person","@id":"https:\/\/www.grandesassisesamp2022.com\/#\/schema\/person\/afb807a7df86ab26826226b3e60e2a29","name":"Anne Colombel-Plouzennec","image":{"@type":"ImageObject","inLanguage":"it-IT","@id":"https:\/\/www.grandesassisesamp2022.com\/#\/schema\/person\/image\/","url":"https:\/\/secure.gravatar.com\/avatar\/80d6c7b1ccd81d04b4d32c5212f51eeb21422d492a52867c47c278d64b69670c?s=96&d=mm&r=g","contentUrl":"https:\/\/secure.gravatar.com\/avatar\/80d6c7b1ccd81d04b4d32c5212f51eeb21422d492a52867c47c278d64b69670c?s=96&d=mm&r=g","caption":"Anne Colombel-Plouzennec"},"url":""}]}},"_links":{"self":[{"href":"https:\/\/www.grandesassisesamp2022.com\/it\/wp-json\/wp\/v2\/posts\/9675","targetHints":{"allow":["GET"]}}],"collection":[{"href":"https:\/\/www.grandesassisesamp2022.com\/it\/wp-json\/wp\/v2\/posts"}],"about":[{"href":"https:\/\/www.grandesassisesamp2022.com\/it\/wp-json\/wp\/v2\/types\/post"}],"author":[{"embeddable":true,"href":"https:\/\/www.grandesassisesamp2022.com\/it\/wp-json\/wp\/v2\/users\/13"}],"replies":[{"embeddable":true,"href":"https:\/\/www.grandesassisesamp2022.com\/it\/wp-json\/wp\/v2\/comments?post=9675"}],"version-history":[{"count":10,"href":"https:\/\/www.grandesassisesamp2022.com\/it\/wp-json\/wp\/v2\/posts\/9675\/revisions"}],"predecessor-version":[{"id":9777,"href":"https:\/\/www.grandesassisesamp2022.com\/it\/wp-json\/wp\/v2\/posts\/9675\/revisions\/9777"}],"wp:attachment":[{"href":"https:\/\/www.grandesassisesamp2022.com\/it\/wp-json\/wp\/v2\/media?parent=9675"}],"wp:term":[{"taxonomy":"category","embeddable":true,"href":"https:\/\/www.grandesassisesamp2022.com\/it\/wp-json\/wp\/v2\/categories?post=9675"},{"taxonomy":"post_tag","embeddable":true,"href":"https:\/\/www.grandesassisesamp2022.com\/it\/wp-json\/wp\/v2\/tags?post=9675"}],"curies":[{"name":"wp","href":"https:\/\/api.w.org\/{rel}","templated":true}]}}