{"id":9380,"date":"2021-07-21T22:46:24","date_gmt":"2021-07-21T20:46:24","guid":{"rendered":"https:\/\/www.grandesassisesamp2022.com\/o-fim-dos-feminicidios-em-nome-da-honra-2\/"},"modified":"2021-07-21T22:46:24","modified_gmt":"2021-07-21T20:46:24","slug":"o-fim-dos-feminicidios-em-nome-da-honra","status":"publish","type":"post","link":"https:\/\/www.grandesassisesamp2022.com\/it\/o-fim-dos-feminicidios-em-nome-da-honra\/","title":{"rendered":"O fim dos feminic\u00eddios em nome da honra"},"content":{"rendered":"\n<p>H\u00e1 d\u00e9cadas atr\u00e1s, no Brasil, a leg\u00edtima defesa da honra era o argumento que mais absolvia homens&nbsp;que, alegando adult\u00e9rio, matavam suas mulheres. Essa tese mobilizou o movimento feminista brasileiro nos anos 70 e fez surgir o famoso slogan:&nbsp;\u201cQuem ama n\u00e3o mata\u201d.No entanto, as absolvi\u00e7\u00f5es com base na leg\u00edtima defesa da honra voltaram a ser frequentes depois de 2008, quando o Congresso Nacional alterou diversos procedimentos do Tribunal do Juri, prevendo, entre eles, &nbsp;a possibilidade de absolvi\u00e7\u00e3o baseada em \u201cquesitos gen\u00e8ricos\u201d, abrindo espa\u00e7o para que a tese de&nbsp; leg\u00edtima defesa da honra voltasse &nbsp;a ser inclu\u00edda como argumento de defesa.&nbsp;<\/p>\n\n\n\n<p>Somente agora, em mar\u00e7o de 2021, o Supremo Tribunal Federal (STF) decidiu, por unanimidade, a anula\u00e7\u00e3o de qualquer julgamento em que seja levantada a tese de leg\u00edtima defesa da honra, banindo,&nbsp;definitivamente,&nbsp;a possibilidade desse tipo de alega\u00e7\u00e3o dos tribunais no Brasil. Caso a defesa de um acusado de feminic\u00eddio suscite essa tese, ser\u00e1 declarada a nulidade da prova, do ato processual e do julgamento.&nbsp;<\/p>\n\n\n\n<p>Not\u00edcia do Jornal\u00a0<em>Folha de S\u00e3o Paulo<\/em>, 21 de mar\u00e7o de 2021.<\/p>\n\n\n\n<p><a href=\"https:\/\/www1.folha.uol.com.br\/cotidiano\/2021\/03\/stf-forma-maioria-para-determinar-anulacao-de-julgamentos-com-tese-da-legitima-defesa-da-hora.shtml?pwgt=kvrmpw5dnvqnfe10ce8oml9h8681amlmjc2iiaxv93evmpky&amp;utm_source=mail&amp;utm_medium=social&amp;utm_campaign=compmailgift\">\u201cO STF, Supremo Tribunal Federal determina anula\u00e7\u00e3o de julgamentos com tese da leg\u00edtima defesa da honra\u201d<\/a><\/p>\n\n\n\n<p><\/p>\n\n\n\n<p><strong>La fin des f\u00e9minicides au nom de l&#8217;honneur<\/strong><\/p>\n\n\n\n<p>Il y a quelques d\u00e9cennies, au Br\u00e9sil,&nbsp;<em>la l\u00e9gitime d\u00e9fense de l\u2019honneur&nbsp;<\/em>\u00e9tait l\u2019argument le plus souvent invoqu\u00e9 pour obtenir l\u2019acquittement des hommes ayant tu\u00e9 leurs femmes suppos\u00e9es adult\u00e8res. Cette th\u00e8se a mobilis\u00e9 le mouvement f\u00e9ministe br\u00e9silien d\u00e8s les ann\u00e9es 70 et ce c\u00e9l\u00e8bre slogan&nbsp;: \u00ab&nbsp;Qui aime ne tue pas&nbsp;!&nbsp;\u00bb Pourtant, les acquittements bas\u00e9s sur&nbsp;<em>la l\u00e9gitime d\u00e9fense de l\u2019honneur&nbsp;<\/em>sont devenus r\u00e9currents depuis 2008, soit d\u00e8s lors que le Congr\u00e8s national a modifi\u00e9 plusieurs proc\u00e9dures de composition du Jury populaire en pr\u00e9voyant, entre autres, la possibilit\u00e9 d\u2019acquittement bas\u00e9e sur des \u00ab&nbsp;crit\u00e8res g\u00e9n\u00e9riques&nbsp;\u00bb, permettant que la th\u00e8se de la&nbsp;\u00ab&nbsp;l\u00e9gitime d\u00e9fense de l\u2019honneur&nbsp;\u00bb soit consid\u00e9r\u00e9e comme un argument en faveur de la d\u00e9fense des hommes.<\/p>\n\n\n\n<p>\u00c7a n\u2019est que tr\u00e8s r\u00e9cemment, en mars 2021, que la Cour supr\u00eame br\u00e9silienne d\u00e9cide,\u00a0\u00e0 l\u2019unanimit\u00e9, de l\u2019annulation de toute sentence invoquant\u00a0<em>la l\u00e9gitime d\u00e9fense de l\u2019honneur<\/em>\u00a0en rejetant d\u00e9finitivement, la possibilit\u00e9 de ce type de plaidoirie dans les tribunaux br\u00e9siliens. Ainsi, au cas o\u00f9\u00a0la d\u00e9fense d\u2019un accus\u00e9 de f\u00e9minicide susciterait cette d\u00e9fense, on d\u00e9clarerait la nullit\u00e9 de la preuve, de l\u2019acte de proc\u00e9dure et de la sentence.<\/p>\n\n\n\n<p>Reportage du journal&nbsp;<em>Folha de S\u00e3o Paulo<\/em>&nbsp;du 21 mars 2021.<\/p>\n\n\n\n<p><a href=\"https:\/\/www1.folha.uol.com.br\/cotidiano\/2021\/03\/stf-forma-maioria-para-determinar-anulacao-de-julgamentos-com-tese-da-legitima-defesa-da-hora.shtml?pwgt=kvrmpw5dnvqnfe10ce8oml9h8681amlmjc2iiaxv93evmpky&amp;utm_source=mail&amp;utm_medium=social&amp;utm_campaign=compmailgift\">\u00ab\u00a0Le STF, Cour supr\u00eame br\u00e9silienne, \u00e9tablit la fin des jugements fond\u00e9s sur\u00a0la\u00a0d\u00e9fense l\u00e9gitime de l\u2019honneur\u00a0\u00bb<\/a><\/p>\n\n\n\n<p>\u00a0<\/p>\n","protected":false},"excerpt":{"rendered":"<p>H\u00e1 d\u00e9cadas atr\u00e1s, no Brasil, a leg\u00edtima defesa da honra era o argumento que mais absolvia homens&nbsp;que, alegando adult\u00e9rio, matavam suas mulheres. Essa tese mobilizou o movimento feminista brasileiro nos anos 70 e fez surgir o famoso slogan:&nbsp;\u201cQuem ama n\u00e3o mata\u201d.No entanto, as absolvi\u00e7\u00f5es com base na leg\u00edtima defesa da honra voltaram a ser frequentes&hellip;&nbsp;<a href=\"https:\/\/www.grandesassisesamp2022.com\/it\/o-fim-dos-feminicidios-em-nome-da-honra\/\" class=\"\" rel=\"bookmark\">Read More &raquo;<span class=\"screen-reader-text\">O fim dos feminic\u00eddios em nome da honra<\/span><\/a><\/p>\n","protected":false},"author":13,"featured_media":0,"comment_status":"open","ping_status":"open","sticky":false,"template":"","format":"standard","meta":{"neve_meta_sidebar":"","neve_meta_container":"","neve_meta_enable_content_width":"","neve_meta_content_width":0,"neve_meta_title_alignment":"","neve_meta_author_avatar":"","neve_post_elements_order":"","neve_meta_disable_header":"","neve_meta_disable_footer":"","neve_meta_disable_title":"","footnotes":""},"categories":[85],"tags":[],"class_list":["post-9380","post","type-post","status-publish","format-standard","hentry","category-corrispondenti"],"acf":[],"yoast_head":"<!-- This site is optimized with the Yoast SEO plugin v20.1 - https:\/\/yoast.com\/wordpress\/plugins\/seo\/ -->\n<title>O fim dos feminic\u00eddios em nome da honra - Grandes assises AMP 2022<\/title>\n<meta name=\"robots\" content=\"index, follow, max-snippet:-1, max-image-preview:large, max-video-preview:-1\" \/>\n<link rel=\"canonical\" href=\"https:\/\/www.grandesassisesamp2022.com\/it\/o-fim-dos-feminicidios-em-nome-da-honra\/\" \/>\n<meta property=\"og:locale\" content=\"it_IT\" \/>\n<meta property=\"og:type\" content=\"article\" \/>\n<meta property=\"og:title\" content=\"O fim dos feminic\u00eddios em nome da honra - Grandes assises AMP 2022\" \/>\n<meta property=\"og:description\" content=\"H\u00e1 d\u00e9cadas atr\u00e1s, no Brasil, a leg\u00edtima defesa da honra era o argumento que mais absolvia homens&nbsp;que, alegando adult\u00e9rio, matavam suas mulheres. Essa tese mobilizou o movimento feminista brasileiro nos anos 70 e fez surgir o famoso slogan:&nbsp;\u201cQuem ama n\u00e3o mata\u201d.No entanto, as absolvi\u00e7\u00f5es com base na leg\u00edtima defesa da honra voltaram a ser frequentes&hellip;&nbsp;Read More &raquo;O fim dos feminic\u00eddios em nome da honra\" \/>\n<meta property=\"og:url\" content=\"https:\/\/www.grandesassisesamp2022.com\/it\/o-fim-dos-feminicidios-em-nome-da-honra\/\" \/>\n<meta property=\"og:site_name\" content=\"Grandes assises AMP 2022\" \/>\n<meta property=\"article:published_time\" content=\"2021-07-21T20:46:24+00:00\" \/>\n<meta name=\"author\" content=\"Anne Colombel-Plouzennec\" \/>\n<meta name=\"twitter:card\" content=\"summary_large_image\" \/>\n<meta name=\"twitter:label1\" content=\"Scritto da\" \/>\n\t<meta name=\"twitter:data1\" content=\"Simone Souto (EBP)\" \/>\n\t<meta name=\"twitter:label2\" content=\"Tempo di lettura stimato\" \/>\n\t<meta name=\"twitter:data2\" content=\"3 minuti\" \/>\n<script type=\"application\/ld+json\" class=\"yoast-schema-graph\">{\"@context\":\"https:\/\/schema.org\",\"@graph\":[{\"@type\":\"WebPage\",\"@id\":\"https:\/\/www.grandesassisesamp2022.com\/it\/o-fim-dos-feminicidios-em-nome-da-honra\/\",\"url\":\"https:\/\/www.grandesassisesamp2022.com\/it\/o-fim-dos-feminicidios-em-nome-da-honra\/\",\"name\":\"O fim dos feminic\u00eddios em nome da honra - Grandes assises AMP 2022\",\"isPartOf\":{\"@id\":\"https:\/\/www.grandesassisesamp2022.com\/#website\"},\"datePublished\":\"2021-07-21T20:46:24+00:00\",\"dateModified\":\"2021-07-21T20:46:24+00:00\",\"author\":{\"@id\":\"https:\/\/www.grandesassisesamp2022.com\/#\/schema\/person\/afb807a7df86ab26826226b3e60e2a29\"},\"breadcrumb\":{\"@id\":\"https:\/\/www.grandesassisesamp2022.com\/it\/o-fim-dos-feminicidios-em-nome-da-honra\/#breadcrumb\"},\"inLanguage\":\"it-IT\",\"potentialAction\":[{\"@type\":\"ReadAction\",\"target\":[\"https:\/\/www.grandesassisesamp2022.com\/it\/o-fim-dos-feminicidios-em-nome-da-honra\/\"]}]},{\"@type\":\"BreadcrumbList\",\"@id\":\"https:\/\/www.grandesassisesamp2022.com\/it\/o-fim-dos-feminicidios-em-nome-da-honra\/#breadcrumb\",\"itemListElement\":[{\"@type\":\"ListItem\",\"position\":1,\"name\":\"Accueil\",\"item\":\"https:\/\/www.grandesassisesamp2022.com\/it\/\"},{\"@type\":\"ListItem\",\"position\":2,\"name\":\"O fim dos feminic\u00eddios em nome da honra\"}]},{\"@type\":\"WebSite\",\"@id\":\"https:\/\/www.grandesassisesamp2022.com\/#website\",\"url\":\"https:\/\/www.grandesassisesamp2022.com\/\",\"name\":\"Grandes assises AMP 2022\",\"description\":\"Paris\",\"potentialAction\":[{\"@type\":\"SearchAction\",\"target\":{\"@type\":\"EntryPoint\",\"urlTemplate\":\"https:\/\/www.grandesassisesamp2022.com\/?s={search_term_string}\"},\"query-input\":\"required name=search_term_string\"}],\"inLanguage\":\"it-IT\"},{\"@type\":\"Person\",\"@id\":\"https:\/\/www.grandesassisesamp2022.com\/#\/schema\/person\/afb807a7df86ab26826226b3e60e2a29\",\"name\":\"Anne Colombel-Plouzennec\",\"image\":{\"@type\":\"ImageObject\",\"inLanguage\":\"it-IT\",\"@id\":\"https:\/\/www.grandesassisesamp2022.com\/#\/schema\/person\/image\/\",\"url\":\"https:\/\/secure.gravatar.com\/avatar\/80d6c7b1ccd81d04b4d32c5212f51eeb21422d492a52867c47c278d64b69670c?s=96&d=mm&r=g\",\"contentUrl\":\"https:\/\/secure.gravatar.com\/avatar\/80d6c7b1ccd81d04b4d32c5212f51eeb21422d492a52867c47c278d64b69670c?s=96&d=mm&r=g\",\"caption\":\"Anne Colombel-Plouzennec\"},\"url\":\"\"}]}<\/script>\n<!-- \/ Yoast SEO plugin. -->","yoast_head_json":{"title":"O fim dos feminic\u00eddios em nome da honra - Grandes assises AMP 2022","robots":{"index":"index","follow":"follow","max-snippet":"max-snippet:-1","max-image-preview":"max-image-preview:large","max-video-preview":"max-video-preview:-1"},"canonical":"https:\/\/www.grandesassisesamp2022.com\/it\/o-fim-dos-feminicidios-em-nome-da-honra\/","og_locale":"it_IT","og_type":"article","og_title":"O fim dos feminic\u00eddios em nome da honra - Grandes assises AMP 2022","og_description":"H\u00e1 d\u00e9cadas atr\u00e1s, no Brasil, a leg\u00edtima defesa da honra era o argumento que mais absolvia homens&nbsp;que, alegando adult\u00e9rio, matavam suas mulheres. Essa tese mobilizou o movimento feminista brasileiro nos anos 70 e fez surgir o famoso slogan:&nbsp;\u201cQuem ama n\u00e3o mata\u201d.No entanto, as absolvi\u00e7\u00f5es com base na leg\u00edtima defesa da honra voltaram a ser frequentes&hellip;&nbsp;Read More &raquo;O fim dos feminic\u00eddios em nome da honra","og_url":"https:\/\/www.grandesassisesamp2022.com\/it\/o-fim-dos-feminicidios-em-nome-da-honra\/","og_site_name":"Grandes assises AMP 2022","article_published_time":"2021-07-21T20:46:24+00:00","author":"Anne Colombel-Plouzennec","twitter_card":"summary_large_image","twitter_misc":{"Scritto da":"Simone Souto (EBP)","Tempo di lettura stimato":"3 minuti"},"schema":{"@context":"https:\/\/schema.org","@graph":[{"@type":"WebPage","@id":"https:\/\/www.grandesassisesamp2022.com\/it\/o-fim-dos-feminicidios-em-nome-da-honra\/","url":"https:\/\/www.grandesassisesamp2022.com\/it\/o-fim-dos-feminicidios-em-nome-da-honra\/","name":"O fim dos feminic\u00eddios em nome da honra - Grandes assises AMP 2022","isPartOf":{"@id":"https:\/\/www.grandesassisesamp2022.com\/#website"},"datePublished":"2021-07-21T20:46:24+00:00","dateModified":"2021-07-21T20:46:24+00:00","author":{"@id":"https:\/\/www.grandesassisesamp2022.com\/#\/schema\/person\/afb807a7df86ab26826226b3e60e2a29"},"breadcrumb":{"@id":"https:\/\/www.grandesassisesamp2022.com\/it\/o-fim-dos-feminicidios-em-nome-da-honra\/#breadcrumb"},"inLanguage":"it-IT","potentialAction":[{"@type":"ReadAction","target":["https:\/\/www.grandesassisesamp2022.com\/it\/o-fim-dos-feminicidios-em-nome-da-honra\/"]}]},{"@type":"BreadcrumbList","@id":"https:\/\/www.grandesassisesamp2022.com\/it\/o-fim-dos-feminicidios-em-nome-da-honra\/#breadcrumb","itemListElement":[{"@type":"ListItem","position":1,"name":"Accueil","item":"https:\/\/www.grandesassisesamp2022.com\/it\/"},{"@type":"ListItem","position":2,"name":"O fim dos feminic\u00eddios em nome da honra"}]},{"@type":"WebSite","@id":"https:\/\/www.grandesassisesamp2022.com\/#website","url":"https:\/\/www.grandesassisesamp2022.com\/","name":"Grandes assises AMP 2022","description":"Paris","potentialAction":[{"@type":"SearchAction","target":{"@type":"EntryPoint","urlTemplate":"https:\/\/www.grandesassisesamp2022.com\/?s={search_term_string}"},"query-input":"required name=search_term_string"}],"inLanguage":"it-IT"},{"@type":"Person","@id":"https:\/\/www.grandesassisesamp2022.com\/#\/schema\/person\/afb807a7df86ab26826226b3e60e2a29","name":"Anne Colombel-Plouzennec","image":{"@type":"ImageObject","inLanguage":"it-IT","@id":"https:\/\/www.grandesassisesamp2022.com\/#\/schema\/person\/image\/","url":"https:\/\/secure.gravatar.com\/avatar\/80d6c7b1ccd81d04b4d32c5212f51eeb21422d492a52867c47c278d64b69670c?s=96&d=mm&r=g","contentUrl":"https:\/\/secure.gravatar.com\/avatar\/80d6c7b1ccd81d04b4d32c5212f51eeb21422d492a52867c47c278d64b69670c?s=96&d=mm&r=g","caption":"Anne Colombel-Plouzennec"},"url":""}]}},"_links":{"self":[{"href":"https:\/\/www.grandesassisesamp2022.com\/it\/wp-json\/wp\/v2\/posts\/9380","targetHints":{"allow":["GET"]}}],"collection":[{"href":"https:\/\/www.grandesassisesamp2022.com\/it\/wp-json\/wp\/v2\/posts"}],"about":[{"href":"https:\/\/www.grandesassisesamp2022.com\/it\/wp-json\/wp\/v2\/types\/post"}],"author":[{"embeddable":true,"href":"https:\/\/www.grandesassisesamp2022.com\/it\/wp-json\/wp\/v2\/users\/13"}],"replies":[{"embeddable":true,"href":"https:\/\/www.grandesassisesamp2022.com\/it\/wp-json\/wp\/v2\/comments?post=9380"}],"version-history":[{"count":0,"href":"https:\/\/www.grandesassisesamp2022.com\/it\/wp-json\/wp\/v2\/posts\/9380\/revisions"}],"wp:attachment":[{"href":"https:\/\/www.grandesassisesamp2022.com\/it\/wp-json\/wp\/v2\/media?parent=9380"}],"wp:term":[{"taxonomy":"category","embeddable":true,"href":"https:\/\/www.grandesassisesamp2022.com\/it\/wp-json\/wp\/v2\/categories?post=9380"},{"taxonomy":"post_tag","embeddable":true,"href":"https:\/\/www.grandesassisesamp2022.com\/it\/wp-json\/wp\/v2\/tags?post=9380"}],"curies":[{"name":"wp","href":"https:\/\/api.w.org\/{rel}","templated":true}]}}