{"id":15648,"date":"2022-03-17T08:21:56","date_gmt":"2022-03-17T07:21:56","guid":{"rendered":"https:\/\/www.grandesassisesamp2022.com\/scilicet-ours-et-sommaire\/"},"modified":"2022-03-27T21:06:22","modified_gmt":"2022-03-27T19:06:22","slug":"scilicet-ours-et-sommaire","status":"publish","type":"post","link":"https:\/\/www.grandesassisesamp2022.com\/it\/scilicet-ours-et-sommaire\/","title":{"rendered":"Volume Scilicet &#8211; Sommario"},"content":{"rendered":"\n<p>Introduzione \u2013&nbsp;<strong>La donna pi\u00f9 piccola del mondo<\/strong>&#8211;&nbsp;<em>Angelina Harari<\/em><\/p>\n\n\n\n<p>Apertura&nbsp;\u2013<strong>&nbsp;Dei sembianti nella relazione tra i sessi &#8211;&nbsp;<\/strong><em>Jacques-Alain Miller<\/em><\/p>\n\n\n\n<p>Argomento &nbsp;\u2013&nbsp;<strong>La donna&nbsp;non esiste&nbsp;&#8211;&nbsp;<\/strong><em>Christiane Alberti<\/em><\/p>\n\n\n\n<p><strong>Anatomia, identificazioni, soggettivazione&nbsp;<\/strong><strong><\/strong><\/p>\n\n\n\n<p><strong>Presentazione<\/strong>&nbsp;&#8211;&nbsp;<em>S\u00e9rgio Laia<\/em><\/p>\n\n\n\n<p><strong>Al di l\u00e0 dela materialit\u00e0 del corpo<\/strong>&nbsp;&#8211;&nbsp;<em>Rosanna Tremante&nbsp;<\/em><\/p>\n\n\n\n<p><strong>Del significante incarnato &#8211;&nbsp;<\/strong><em>Andrea V. Zelaya&nbsp;<\/em><\/p>\n\n\n\n<p><strong>Solo le donne si identificano &#8211;&nbsp;<\/strong><em>Carole Dewambrechies-La Sagna&nbsp;<\/em><\/p>\n\n\n\n<p><strong>Donne trans al di l\u00e0 dela psicosi &#8211;&nbsp;<\/strong><em>Russell Grigg&nbsp;<\/em><\/p>\n\n\n\n<p><strong>Castrazione<\/strong><strong><\/strong><\/p>\n\n\n\n<p><strong>Presentazione<\/strong>&nbsp;&#8211;&nbsp;<em>Flory Kruger&nbsp;<\/em><em><\/em><\/p>\n\n\n\n<p><strong>Giocare con&nbsp;<\/strong><strong><em>lal\u00edngua<\/em><\/strong><strong>&nbsp;&#8211;&nbsp;<\/strong><em>Laura Valcarce&nbsp;<\/em><\/p>\n\n\n\n<p><strong>Ci\u00f2 che fa buco &#8211;&nbsp;<\/strong><em>Nohem\u00ed Brown<\/em><\/p>\n\n\n\n<p><strong>La dialettica dell\u2019etero &#8211;&nbsp;<\/strong><em>Claudio Morgado&nbsp;<\/em><\/p>\n\n\n\n<p><strong>Il prestigio del fallo in declino &#8211;&nbsp;<\/strong><em>Gil Caroz&nbsp;<\/em><\/p>\n\n\n\n<p><strong>Oggetti&nbsp;<em>a&nbsp;<\/em><\/strong><\/p>\n\n\n\n<p><strong>Presentazione<\/strong>&nbsp;&#8211;&nbsp;<em>Fabi\u00e1n Naparstek&nbsp;<\/em><\/p>\n\n\n\n<p><strong>Il silenzio de&nbsp;L<\/strong>\u023a<strong>&nbsp;donna &#8211;&nbsp;<\/strong><em>Margarita \u00c1lvarez<\/em><\/p>\n\n\n\n<p><strong>Color di vuoto &#8211;&nbsp;<\/strong><em>Cleide Pereira Monteiro&nbsp;<\/em><\/p>\n\n\n\n<p><strong>Il niente &#8211;&nbsp;<\/strong><em>Sonia Chiriaco&nbsp;<\/em><\/p>\n\n\n\n<p><strong>Prendere l\u2019altro per la sua anima &#8211;&nbsp;<\/strong><em>Roberto Bertholet&nbsp;<\/em><\/p>\n\n\n\n<p><strong>Declinazioni della mancanza&nbsp;<\/strong><\/p>\n\n\n\n<p><strong>Presentazione<\/strong>&nbsp;&#8211;&nbsp;<em>Mar\u00eda Cristina Aguirre&nbsp;<\/em><\/p>\n\n\n\n<p><strong>Mancanza dell\u2019oggetto, oggetto dela mancanza &#8211;&nbsp;<\/strong><em>Daniela de Camargo Barros Affonso<\/em><\/p>\n\n\n\n<p><strong>Dalla mancanza, non mi aspetto niente &#8211;&nbsp;<\/strong><em>Carlos Rossi<\/em><\/p>\n\n\n\n<p><strong>Godere dela privazione &#8211;&nbsp;<\/strong><em>Chantal Bonneau<\/em><\/p>\n\n\n\n<p><strong>Senza nome &#8211;&nbsp;<\/strong><em>Joaqu\u00edn Carrasco<\/em><\/p>\n\n\n\n<p><strong>Maschile\/femminile<\/strong><\/p>\n\n\n\n<p><strong>Presentazione<\/strong>&nbsp;<em>M\u00f3nica Torres<\/em><\/p>\n\n\n\n<p><strong>L\u2019errore comune &#8211;&nbsp;<\/strong><em>Susana Huler<\/em><\/p>\n\n\n\n<p><strong>L\u2019avvenire della pulsione parziale &#8211;&nbsp;<\/strong><em>Adri\u00e1n Scheinkestel<\/em><\/p>\n\n\n\n<p><strong>Acconsentire ala femminilit\u00e0 &#8211;&nbsp;<\/strong><em>Bernard Seynhaeve<\/em><\/p>\n\n\n\n<p><strong>Il godimento come tale &#8211;<\/strong><em>Alejandra Hornos<\/em><\/p>\n\n\n\n<p><strong>Nome-del-Padre e&nbsp;<em>p\u00e8re<\/em>-versione<\/strong><\/p>\n\n\n\n<p><strong>Presentazione<\/strong>&nbsp;&#8211;&nbsp;<em>Mario Elkin&nbsp;<\/em><em>Ram\u00edrez<\/em><\/p>\n\n\n\n<p><strong>P\u00e8re-versamente orientato &#8211;&nbsp;<\/strong><em>Concha Lech\u00f3n<\/em><\/p>\n\n\n\n<p><strong>A partire dall\u2019interpretazione &#8211;&nbsp;<\/strong><em>Laurent Dupont<\/em><\/p>\n\n\n\n<p><strong>Soluzioni nella psicosi &#8211;&nbsp;<\/strong><em>In\u00e9s Sotelo<\/em><\/p>\n\n\n\n<p><strong>Al di l\u00e0 delle norme e dell\u2019anatomia &#8211;<\/strong><em>Els Van Compernolle<\/em><\/p>\n\n\n\n<p><strong>Forma femminile del desiderio&nbsp;<\/strong><\/p>\n\n\n\n<p><strong>Presentazione<\/strong>&nbsp;&#8211;&nbsp;<em>Anna Arom\u00ed<\/em><\/p>\n\n\n\n<p><strong>Il fantasma, il Desiderio, ci\u00f2 che resta &#8211;&nbsp;<\/strong><em>Viviana Mozzi<\/em><\/p>\n\n\n\n<p><strong>Dal pathos al pas-tout &#8211;&nbsp;<\/strong><em>Valeria Sommer-Dupont<\/em><\/p>\n\n\n\n<p><strong>Il matema del Desiderio della donna &#8211;&nbsp;<\/strong><em>Maria Jos\u00e9 Gontijo Salum<\/em><\/p>\n\n\n\n<p><strong>Volo del desiderio &#8211;&nbsp;<\/strong><em>Cyrus Saint Amand Poliakoff<\/em><\/p>\n\n\n\n<p><strong>Fantasma al femminile&nbsp;<\/strong><\/p>\n\n\n\n<p><strong>Presentazione<\/strong>&nbsp;&#8211;&nbsp;<em>Ruzanna Hakobyan<\/em><\/p>\n\n\n\n<p><strong><em>To be the phallus or not to be &#8211;&nbsp;<\/em><\/strong><em>Caroline Leduc<\/em><\/p>\n\n\n\n<p><strong>Versioni\u00a0<em>ready-made<\/em><\/strong>\u00a0&#8211;\u00a0<em>Ana Cecilia Gonz\u00e1lez<\/em><\/p>\n\n\n\n<p><strong><em>Hainamoration<\/em><\/strong><strong>&nbsp;e femminicidio &#8211;&nbsp;<\/strong><em>Heloisa Caldas<\/em><\/p>\n\n\n\n<p><strong>Supplire al non-rapporto sessuale &#8211;&nbsp;<\/strong><em>Peggy Papada<\/em><\/p>\n\n\n\n<p><strong>Dubbio e insoddisfazione<\/strong><\/p>\n\n\n\n<p><strong>Presentazione<\/strong>&nbsp;&#8211;&nbsp;<em>Osvaldo Delgado<\/em><\/p>\n\n\n\n<p><strong>Una difesa di fronte al pas-tout &#8211;&nbsp;<\/strong><em>Jos\u00e9 Lachevsky<\/em><\/p>\n\n\n\n<p><strong>Modi di risposta &#8211;\u00a0<\/strong><em>Roger Litten<\/em><\/p>\n\n\n\n<p><strong>L&#8217;insoddisfazione isterica<\/strong> &#8211;<em> Jean Luc Monnier<\/em><\/p>\n\n\n\n<p><strong>Affetti imprevedibili<\/strong>&nbsp;&#8211;&nbsp;<em>Laura Pacati<\/em><\/p>\n\n\n\n<p><strong>Sintomo e sinthomo<\/strong><\/p>\n\n\n\n<p><strong>Presentazione<\/strong>&nbsp;&#8211;&nbsp;<em>Juan Fernando P\u00e9rez<\/em><\/p>\n\n\n\n<p><strong>Una risposta al buco<\/strong> &#8211;\u00a0<em>Leonora Troianovski<\/em><\/p>\n\n\n\n<p><strong>Crederci <\/strong>&#8211;\u00a0<em>Rachele Giuntoli<\/em><\/p>\n\n\n\n<p><strong>Questione di scrittura &#8211;&nbsp;<\/strong><em>Pilar Ord\u00f3\u00f1ez<\/em><\/p>\n\n\n\n<p><strong>L\u2019equivoco e la nominazione &#8211;&nbsp;<\/strong><em>Guy Poblome<\/em><\/p>\n\n\n\n<p><strong>Godimento supplemetare&nbsp;<\/strong><\/p>\n\n\n\n<p><strong>Presentazione<\/strong>&nbsp;&#8211;&nbsp;<em>Esthela Solano-Suarez<\/em><\/p>\n\n\n\n<p><strong>Tra centro e assenza &#8211;&nbsp;<\/strong><em>H\u00e9l\u00e8ne Bonnaud<\/em><\/p>\n\n\n\n<p><strong>De-limitata &#8211;&nbsp;<\/strong><em>Pepa Freir\u00eda<\/em><\/p>\n\n\n\n<p><strong>Un\u2019evidenza oscura &#8211;&nbsp;<\/strong><em>Fernanda Otoni Brisset<\/em><\/p>\n\n\n\n<p><strong>Del godimento Uno &#8211;&nbsp;<\/strong><em>Adriana Lai\u00f3n<\/em><\/p>\n\n\n\n<p><strong>Heterosessualit\u00e0<\/strong><\/p>\n\n\n\n<p><strong>Presentazione<\/strong>&nbsp;&#8211;&nbsp;<em>Marcelo Veras<\/em>&nbsp;&nbsp;&nbsp;<\/p>\n\n\n\n<p><strong>Dall\u2019Uno all\u2019Altro &#8211;&nbsp;<\/strong><em>Claudia Vel\u00e1squez<\/em><\/p>\n\n\n\n<p><strong>Ci\u00f2 che le donne amano &#8211;&nbsp;<\/strong><em>Beatriz Gonzalez-Renou<\/em><\/p>\n\n\n\n<p><strong>Un\u2019etica &#8211;&nbsp;<\/strong><em>Andr\u00e9s Border\u00edas<\/em><\/p>\n\n\n\n<p><strong>Verso l\u2019opacit\u00e0 irriducibile \u2013&nbsp;<\/strong><em>Bruno de&nbsp;Halleux<\/em><\/p>\n\n\n\n<p><strong>Amore<\/strong><\/p>\n\n\n\n<p><strong>Presentazione<\/strong>&nbsp;&#8211;&nbsp;<em>Marie-H\u00e9l\u00e8ne Brousse<\/em><\/p>\n\n\n\n<p><strong>Una carriera senza limite &#8211;&nbsp;<\/strong><em>Jacqueline Dh\u00e9ret<\/em><\/p>\n\n\n\n<p><strong>Uno stile erotomane &#8211;&nbsp;<\/strong><em>Nicol\u00e0s Bouso\u00f1o<\/em><\/p>\n\n\n\n<p><strong>Nella&nbsp;<em>p\u00e8re<\/em>-versione &#8211;&nbsp;<\/strong><em>Pasquale Indulgenza<\/em><\/p>\n\n\n\n<p><strong>Goderne &#8211;&nbsp;<\/strong><em>Jorge Sosa<\/em><\/p>\n\n\n\n<p><strong>Devastazione e rapimento<\/strong><\/p>\n\n\n\n<p><strong>Presentazione<\/strong>&nbsp;&#8211;&nbsp;<em>Adele Succetti<\/em><\/p>\n\n\n\n<p><strong>Godiassenza &#8211;&nbsp;<\/strong><em>Marie-H\u00e9l\u00e8ne Blancard&nbsp;<\/em><\/p>\n\n\n\n<p><strong>Tra solitudine e sparizione &#8211;&nbsp;<\/strong><em>Sara Bord\u00f2<\/em><\/p>\n\n\n\n<p><strong>Los guardo in Santa Teresa &#8211;&nbsp;<\/strong><em>Elvira Dianno<\/em><\/p>\n\n\n\n<p><strong><em>Lol V. Stein,<\/em><\/strong><strong>&nbsp;un essere a tre &#8211;&nbsp;<\/strong><em>Celeste Stecco<\/em><\/p>\n\n\n\n<p><strong>Donna pi\u00f9 reale<\/strong><\/p>\n\n\n\n<p><strong>Presentazione<\/strong>&nbsp;&#8211;&nbsp;<em>Silvia Elena Tendlarz<\/em><\/p>\n\n\n\n<p><strong>L\u2019atto di una vera donna &#8211;&nbsp;<\/strong><em>Rodrigo Lyra Carvalho<\/em><\/p>\n\n\n\n<p><strong><em>Frailty, thy name is woman &#8211;&nbsp;<\/em><\/strong><em>Daniela Fern\u00e1ndez<\/em><\/p>\n\n\n\n<p class=\"has-nv-dark-bg-color has-text-color\"><strong>Sabina Spielrein, ai confini della femminilit\u00e0 <\/strong>&#8211; Florencia Fern\u00e1ndez Coria Shanahan<\/p>\n\n\n\n<p><strong>L\u2019atto di Medea &#8211;&nbsp;<\/strong><em>Ang\u00e8le Terrier<\/em><\/p>\n\n\n\n<p><strong>La Dea Bianca<\/strong><\/p>\n\n\n\n<p><strong>Presentazione<\/strong>&nbsp;&#8211;&nbsp;<em>Agn\u00e8s Aflalo<\/em>&nbsp;&nbsp;&nbsp;<\/p>\n\n\n\n<p><strong>La donna come Nome-del-Padre &#8211;&nbsp;<\/strong><em>Esteban Klainer&nbsp;<\/em><\/p>\n\n\n\n<p><strong>Il semi-dio e la Divina &#8211;&nbsp;<\/strong><em>Deborah Gutermann-Jacquet<\/em><\/p>\n\n\n\n<p><strong>Maschera dell\u2019etero &#8211;&nbsp;<\/strong><em>Paola Bolgiani<\/em><\/p>\n\n\n\n<p><strong>Non tutta folle, affatto folle &#8211;&nbsp;<\/strong><em>Esperanza Molleda<\/em><\/p>\n\n\n\n<p><strong>Spinta-alla-donna&nbsp;<\/strong><\/p>\n\n\n\n<p><strong>Presentazione<\/strong>&nbsp;&#8211;&nbsp;<em>Estela Paskvan<\/em><\/p>\n\n\n\n<p><strong>Voluptas &#8211;&nbsp;<\/strong><em>Marcela Antelo<\/em><\/p>\n\n\n\n<p><strong>Evirazione &#8211;&nbsp;<\/strong><em>Philip Dravers<\/em><\/p>\n\n\n\n<p><strong>Una spinta-all\u2019eccezione &#8211;&nbsp;<\/strong><em>Sophie Marret-Maleval<\/em><\/p>\n\n\n\n<p><strong>Un amore morto<\/strong>&nbsp;&#8211;&nbsp;<em>Bel\u00e9n Zubillaga<\/em><\/p>\n\n\n\n<p><strong>Non-tutto<\/strong><\/p>\n\n\n\n<p><strong>Presentazione<\/strong>&nbsp;&#8211;&nbsp;<em>Laura Cecilia Rizzo&nbsp;&nbsp;<\/em><\/p>\n\n\n\n<p><strong>Senza misura &#8211;&nbsp;<\/strong><em>Bernard&nbsp;Lec\u0153ur<\/em><em>&nbsp;<\/em><\/p>\n\n\n\n<p><strong>Far passare &#8211;&nbsp;<\/strong><em>Beatriz Udenio<\/em><\/p>\n\n\n\n<p><strong>Il niente non \u00e8 il vuoto &#8211;&nbsp;<\/strong><em>Cristiano Lastrucci<\/em>&nbsp;&nbsp;<\/p>\n\n\n\n<p><strong>Il germe logico nel femminile &#8211;&nbsp;<\/strong><em>Amanda Goya<\/em><\/p>\n\n\n\n<p><strong>Altra per se stessa<\/strong><\/p>\n\n\n\n<p><strong>Presentazione<\/strong>&nbsp;&#8211;&nbsp;<em>R\u00f4mulo Ferreira da Silva<\/em><\/p>\n\n\n\n<p><strong>Genealogia di un matema: S(\u023a) &#8211;&nbsp;<\/strong><em>Philippe de Georges<\/em><\/p>\n\n\n\n<p><strong>Clinica della sessualit\u00e0 &#8211;&nbsp;<\/strong><em>Marta Maside<\/em><\/p>\n\n\n\n<p><strong>Un godimento che si sdoppia &#8211;&nbsp;<\/strong><em>Edna Elena G\u00f3mez Murillo<\/em><\/p>\n\n\n\n<p><strong>La posiazione femminile di Joyce &#8211;&nbsp;<\/strong><em>Katty Langelez-Stevens<\/em><\/p>\n\n\n\n<p><strong><em>Lal\u00edngua&nbsp;<\/em><\/strong><\/p>\n\n\n\n<p><strong>Presentazione<\/strong>&nbsp;&#8211;&nbsp;<em>Araceli Fuentes<\/em>&nbsp;&nbsp;<\/p>\n\n\n\n<p><strong>Il reale del non-rapporto &#8211;&nbsp;<\/strong><em>Heloisa Prado Telles<\/em>&nbsp;&nbsp;<\/p>\n\n\n\n<p><strong>La l\u00edngua segreta dele donne &#8211;&nbsp;<\/strong><em>Graciela Gonz\u00e1lez Horowitz<\/em><\/p>\n\n\n\n<p><strong>La devastazione del verbo &#8211;&nbsp;<\/strong><em>Sophie Gayard<\/em><\/p>\n\n\n\n<p><strong>Ci\u00f2 che resta, resta scritto &#8211;&nbsp;<\/strong><em>Renato Andrade<\/em><\/p>\n\n\n\n<p><strong>Esistere non \u00e8 essere<\/strong><\/p>\n\n\n\n<p><strong>Presentazione<\/strong>\u00a0&#8211;\u00a0<em>Philippe Hellebois<\/em><\/p>\n\n\n\n<p><strong>Verso una clinica della risonanza &#8211;&nbsp;<\/strong><em>Giancarla Antezana<\/em><\/p>\n\n\n\n<p><strong>Leggere la lettera &#8211;&nbsp;<\/strong><em>Damasia Amadeo de Freda<\/em><\/p>\n\n\n\n<p><strong>Senso e scrittura &#8211;&nbsp;<\/strong><em>B\u00e9n\u00e9dicte Jullien<\/em><\/p>\n\n\n\n<p><strong>Una logica eterodossa<\/strong> &#8211;\u00a0<em>Luis Francisco Camargo<\/em><\/p>\n\n\n\n<p><strong>Usi del femminile\u00a0<\/strong><\/p>\n\n\n\n<p><strong>Presentazione<\/strong>\u00a0&#8211;\u00a0<em>Francesca Biagi-Chai<\/em><\/p>\n\n\n\n<p><strong>Inconsistenza del femminile &#8211;&nbsp;<\/strong><em>Matteo Bonazzi<\/em><\/p>\n\n\n\n<p><strong>Come scriverlo? &#8211;&nbsp;<\/strong><em>Patricia Tagle Barton<\/em><\/p>\n\n\n\n<p><strong>Femminilizzazioni maschili &#8211;&nbsp;<\/strong><em>Pierre Sidon<\/em><\/p>\n\n\n\n<p><strong>Che ella esista \u00e8 un sogno di donna &#8211;&nbsp;<\/strong><em>Gabriela Grinbaum<\/em><\/p>\n","protected":false},"excerpt":{"rendered":"<p>Introduzione \u2013&nbsp;La donna pi\u00f9 piccola del mondo&#8211;&nbsp;Angelina Harari Apertura&nbsp;\u2013&nbsp;Dei sembianti nella relazione tra i sessi &#8211;&nbsp;Jacques-Alain Miller Argomento &nbsp;\u2013&nbsp;La donna&nbsp;non esiste&nbsp;&#8211;&nbsp;Christiane Alberti Anatomia, identificazioni, soggettivazione&nbsp; Presentazione&nbsp;&#8211;&nbsp;S\u00e9rgio Laia Al di l\u00e0 dela materialit\u00e0 del corpo&nbsp;&#8211;&nbsp;Rosanna Tremante&nbsp; Del significante incarnato &#8211;&nbsp;Andrea V. Zelaya&nbsp; Solo le donne si identificano &#8211;&nbsp;Carole Dewambrechies-La Sagna&nbsp; Donne trans al di l\u00e0 dela&hellip;&nbsp;<a href=\"https:\/\/www.grandesassisesamp2022.com\/it\/scilicet-ours-et-sommaire\/\" class=\"\" rel=\"bookmark\">Read More &raquo;<span class=\"screen-reader-text\">Volume Scilicet &#8211; Sommario<\/span><\/a><\/p>\n","protected":false},"author":1,"featured_media":0,"comment_status":"open","ping_status":"open","sticky":false,"template":"","format":"standard","meta":{"neve_meta_sidebar":"","neve_meta_container":"","neve_meta_enable_content_width":"","neve_meta_content_width":0,"neve_meta_title_alignment":"","neve_meta_author_avatar":"","neve_post_elements_order":"","neve_meta_disable_header":"","neve_meta_disable_footer":"","neve_meta_disable_title":"","footnotes":""},"categories":[89],"tags":[],"class_list":["post-15648","post","type-post","status-publish","format-standard","hentry","category-scilicet-it"],"acf":[],"yoast_head":"<!-- This site is optimized with the Yoast SEO plugin v20.1 - https:\/\/yoast.com\/wordpress\/plugins\/seo\/ -->\n<title>Volume Scilicet - Sommario - Grandes assises AMP 2022<\/title>\n<meta name=\"robots\" content=\"index, follow, max-snippet:-1, max-image-preview:large, max-video-preview:-1\" \/>\n<link rel=\"canonical\" href=\"https:\/\/www.grandesassisesamp2022.com\/it\/scilicet-ours-et-sommaire\/\" \/>\n<meta property=\"og:locale\" content=\"it_IT\" \/>\n<meta property=\"og:type\" content=\"article\" \/>\n<meta property=\"og:title\" content=\"Volume Scilicet - Sommario - Grandes assises AMP 2022\" \/>\n<meta property=\"og:description\" content=\"Introduzione \u2013&nbsp;La donna pi\u00f9 piccola del mondo&#8211;&nbsp;Angelina Harari Apertura&nbsp;\u2013&nbsp;Dei sembianti nella relazione tra i sessi &#8211;&nbsp;Jacques-Alain Miller Argomento &nbsp;\u2013&nbsp;La donna&nbsp;non esiste&nbsp;&#8211;&nbsp;Christiane Alberti Anatomia, identificazioni, soggettivazione&nbsp; Presentazione&nbsp;&#8211;&nbsp;S\u00e9rgio Laia Al di l\u00e0 dela materialit\u00e0 del corpo&nbsp;&#8211;&nbsp;Rosanna Tremante&nbsp; Del significante incarnato &#8211;&nbsp;Andrea V. Zelaya&nbsp; Solo le donne si identificano &#8211;&nbsp;Carole Dewambrechies-La Sagna&nbsp; Donne trans al di l\u00e0 dela&hellip;&nbsp;Read More &raquo;Volume Scilicet &#8211; Sommario\" \/>\n<meta property=\"og:url\" content=\"https:\/\/www.grandesassisesamp2022.com\/it\/scilicet-ours-et-sommaire\/\" \/>\n<meta property=\"og:site_name\" content=\"Grandes assises AMP 2022\" \/>\n<meta property=\"article:published_time\" content=\"2022-03-17T07:21:56+00:00\" \/>\n<meta property=\"article:modified_time\" content=\"2022-03-27T19:06:22+00:00\" \/>\n<meta name=\"author\" content=\"adminamp2022paris\" \/>\n<meta name=\"twitter:card\" content=\"summary_large_image\" \/>\n<meta name=\"twitter:label1\" content=\"Scritto da\" \/>\n\t<meta name=\"twitter:data1\" content=\"Il team Scilicet\" \/>\n\t<meta name=\"twitter:label2\" content=\"Tempo di lettura stimato\" \/>\n\t<meta name=\"twitter:data2\" content=\"5 minuti\" \/>\n<script type=\"application\/ld+json\" class=\"yoast-schema-graph\">{\"@context\":\"https:\/\/schema.org\",\"@graph\":[{\"@type\":\"WebPage\",\"@id\":\"https:\/\/www.grandesassisesamp2022.com\/it\/scilicet-ours-et-sommaire\/\",\"url\":\"https:\/\/www.grandesassisesamp2022.com\/it\/scilicet-ours-et-sommaire\/\",\"name\":\"Volume Scilicet - Sommario - Grandes assises AMP 2022\",\"isPartOf\":{\"@id\":\"https:\/\/www.grandesassisesamp2022.com\/#website\"},\"datePublished\":\"2022-03-17T07:21:56+00:00\",\"dateModified\":\"2022-03-27T19:06:22+00:00\",\"author\":{\"@id\":\"https:\/\/www.grandesassisesamp2022.com\/#\/schema\/person\/2fa9e0cb7f367fcf957986574be53f80\"},\"breadcrumb\":{\"@id\":\"https:\/\/www.grandesassisesamp2022.com\/it\/scilicet-ours-et-sommaire\/#breadcrumb\"},\"inLanguage\":\"it-IT\",\"potentialAction\":[{\"@type\":\"ReadAction\",\"target\":[\"https:\/\/www.grandesassisesamp2022.com\/it\/scilicet-ours-et-sommaire\/\"]}]},{\"@type\":\"BreadcrumbList\",\"@id\":\"https:\/\/www.grandesassisesamp2022.com\/it\/scilicet-ours-et-sommaire\/#breadcrumb\",\"itemListElement\":[{\"@type\":\"ListItem\",\"position\":1,\"name\":\"Accueil\",\"item\":\"https:\/\/www.grandesassisesamp2022.com\/it\/\"},{\"@type\":\"ListItem\",\"position\":2,\"name\":\"Volume Scilicet &#8211; Sommario\"}]},{\"@type\":\"WebSite\",\"@id\":\"https:\/\/www.grandesassisesamp2022.com\/#website\",\"url\":\"https:\/\/www.grandesassisesamp2022.com\/\",\"name\":\"Grandes assises AMP 2022\",\"description\":\"Paris\",\"potentialAction\":[{\"@type\":\"SearchAction\",\"target\":{\"@type\":\"EntryPoint\",\"urlTemplate\":\"https:\/\/www.grandesassisesamp2022.com\/?s={search_term_string}\"},\"query-input\":\"required name=search_term_string\"}],\"inLanguage\":\"it-IT\"},{\"@type\":\"Person\",\"@id\":\"https:\/\/www.grandesassisesamp2022.com\/#\/schema\/person\/2fa9e0cb7f367fcf957986574be53f80\",\"name\":\"adminamp2022paris\",\"image\":{\"@type\":\"ImageObject\",\"inLanguage\":\"it-IT\",\"@id\":\"https:\/\/www.grandesassisesamp2022.com\/#\/schema\/person\/image\/\",\"url\":\"https:\/\/secure.gravatar.com\/avatar\/b6f45d7384790c27f94e083e1181898e35a52a7087dd8b3fd3a6a81f19f6a9d3?s=96&d=mm&r=g\",\"contentUrl\":\"https:\/\/secure.gravatar.com\/avatar\/b6f45d7384790c27f94e083e1181898e35a52a7087dd8b3fd3a6a81f19f6a9d3?s=96&d=mm&r=g\",\"caption\":\"adminamp2022paris\"},\"sameAs\":[\"https:\/\/www.congresamp2022.com\"],\"url\":\"\"}]}<\/script>\n<!-- \/ Yoast SEO plugin. -->","yoast_head_json":{"title":"Volume Scilicet - Sommario - Grandes assises AMP 2022","robots":{"index":"index","follow":"follow","max-snippet":"max-snippet:-1","max-image-preview":"max-image-preview:large","max-video-preview":"max-video-preview:-1"},"canonical":"https:\/\/www.grandesassisesamp2022.com\/it\/scilicet-ours-et-sommaire\/","og_locale":"it_IT","og_type":"article","og_title":"Volume Scilicet - Sommario - Grandes assises AMP 2022","og_description":"Introduzione \u2013&nbsp;La donna pi\u00f9 piccola del mondo&#8211;&nbsp;Angelina Harari Apertura&nbsp;\u2013&nbsp;Dei sembianti nella relazione tra i sessi &#8211;&nbsp;Jacques-Alain Miller Argomento &nbsp;\u2013&nbsp;La donna&nbsp;non esiste&nbsp;&#8211;&nbsp;Christiane Alberti Anatomia, identificazioni, soggettivazione&nbsp; Presentazione&nbsp;&#8211;&nbsp;S\u00e9rgio Laia Al di l\u00e0 dela materialit\u00e0 del corpo&nbsp;&#8211;&nbsp;Rosanna Tremante&nbsp; Del significante incarnato &#8211;&nbsp;Andrea V. Zelaya&nbsp; Solo le donne si identificano &#8211;&nbsp;Carole Dewambrechies-La Sagna&nbsp; Donne trans al di l\u00e0 dela&hellip;&nbsp;Read More &raquo;Volume Scilicet &#8211; Sommario","og_url":"https:\/\/www.grandesassisesamp2022.com\/it\/scilicet-ours-et-sommaire\/","og_site_name":"Grandes assises AMP 2022","article_published_time":"2022-03-17T07:21:56+00:00","article_modified_time":"2022-03-27T19:06:22+00:00","author":"adminamp2022paris","twitter_card":"summary_large_image","twitter_misc":{"Scritto da":"Il team Scilicet","Tempo di lettura stimato":"5 minuti"},"schema":{"@context":"https:\/\/schema.org","@graph":[{"@type":"WebPage","@id":"https:\/\/www.grandesassisesamp2022.com\/it\/scilicet-ours-et-sommaire\/","url":"https:\/\/www.grandesassisesamp2022.com\/it\/scilicet-ours-et-sommaire\/","name":"Volume Scilicet - Sommario - Grandes assises AMP 2022","isPartOf":{"@id":"https:\/\/www.grandesassisesamp2022.com\/#website"},"datePublished":"2022-03-17T07:21:56+00:00","dateModified":"2022-03-27T19:06:22+00:00","author":{"@id":"https:\/\/www.grandesassisesamp2022.com\/#\/schema\/person\/2fa9e0cb7f367fcf957986574be53f80"},"breadcrumb":{"@id":"https:\/\/www.grandesassisesamp2022.com\/it\/scilicet-ours-et-sommaire\/#breadcrumb"},"inLanguage":"it-IT","potentialAction":[{"@type":"ReadAction","target":["https:\/\/www.grandesassisesamp2022.com\/it\/scilicet-ours-et-sommaire\/"]}]},{"@type":"BreadcrumbList","@id":"https:\/\/www.grandesassisesamp2022.com\/it\/scilicet-ours-et-sommaire\/#breadcrumb","itemListElement":[{"@type":"ListItem","position":1,"name":"Accueil","item":"https:\/\/www.grandesassisesamp2022.com\/it\/"},{"@type":"ListItem","position":2,"name":"Volume Scilicet &#8211; Sommario"}]},{"@type":"WebSite","@id":"https:\/\/www.grandesassisesamp2022.com\/#website","url":"https:\/\/www.grandesassisesamp2022.com\/","name":"Grandes assises AMP 2022","description":"Paris","potentialAction":[{"@type":"SearchAction","target":{"@type":"EntryPoint","urlTemplate":"https:\/\/www.grandesassisesamp2022.com\/?s={search_term_string}"},"query-input":"required name=search_term_string"}],"inLanguage":"it-IT"},{"@type":"Person","@id":"https:\/\/www.grandesassisesamp2022.com\/#\/schema\/person\/2fa9e0cb7f367fcf957986574be53f80","name":"adminamp2022paris","image":{"@type":"ImageObject","inLanguage":"it-IT","@id":"https:\/\/www.grandesassisesamp2022.com\/#\/schema\/person\/image\/","url":"https:\/\/secure.gravatar.com\/avatar\/b6f45d7384790c27f94e083e1181898e35a52a7087dd8b3fd3a6a81f19f6a9d3?s=96&d=mm&r=g","contentUrl":"https:\/\/secure.gravatar.com\/avatar\/b6f45d7384790c27f94e083e1181898e35a52a7087dd8b3fd3a6a81f19f6a9d3?s=96&d=mm&r=g","caption":"adminamp2022paris"},"sameAs":["https:\/\/www.congresamp2022.com"],"url":""}]}},"_links":{"self":[{"href":"https:\/\/www.grandesassisesamp2022.com\/it\/wp-json\/wp\/v2\/posts\/15648","targetHints":{"allow":["GET"]}}],"collection":[{"href":"https:\/\/www.grandesassisesamp2022.com\/it\/wp-json\/wp\/v2\/posts"}],"about":[{"href":"https:\/\/www.grandesassisesamp2022.com\/it\/wp-json\/wp\/v2\/types\/post"}],"author":[{"embeddable":true,"href":"https:\/\/www.grandesassisesamp2022.com\/it\/wp-json\/wp\/v2\/users\/1"}],"replies":[{"embeddable":true,"href":"https:\/\/www.grandesassisesamp2022.com\/it\/wp-json\/wp\/v2\/comments?post=15648"}],"version-history":[{"count":14,"href":"https:\/\/www.grandesassisesamp2022.com\/it\/wp-json\/wp\/v2\/posts\/15648\/revisions"}],"predecessor-version":[{"id":16747,"href":"https:\/\/www.grandesassisesamp2022.com\/it\/wp-json\/wp\/v2\/posts\/15648\/revisions\/16747"}],"wp:attachment":[{"href":"https:\/\/www.grandesassisesamp2022.com\/it\/wp-json\/wp\/v2\/media?parent=15648"}],"wp:term":[{"taxonomy":"category","embeddable":true,"href":"https:\/\/www.grandesassisesamp2022.com\/it\/wp-json\/wp\/v2\/categories?post=15648"},{"taxonomy":"post_tag","embeddable":true,"href":"https:\/\/www.grandesassisesamp2022.com\/it\/wp-json\/wp\/v2\/tags?post=15648"}],"curies":[{"name":"wp","href":"https:\/\/api.w.org\/{rel}","templated":true}]}}