{"id":8174,"date":"2021-05-11T09:50:17","date_gmt":"2021-05-11T07:50:17","guid":{"rendered":"https:\/\/www.grandesassisesamp2022.com\/paris-no-toda\/"},"modified":"2021-05-28T16:16:10","modified_gmt":"2021-05-28T14:16:10","slug":"paris-no-toda","status":"publish","type":"post","link":"https:\/\/www.grandesassisesamp2022.com\/es\/paris-no-toda\/","title":{"rendered":"Par\u00eds no toda"},"content":{"rendered":"\n<p><strong>France Jaigu<\/strong><\/p>\n\n\n\n<p id=\"_edn1\"><span style=\"font-family: Cambria, serif;\">Par\u00eds, de la que el americano Waldo Emerson dec\u00eda que hab\u00eda sido edificada para el mundo entero, esa \u00ab hija \u00bb, \u00ab amiga \u00bb, \u00ab esposa \u00bb con su fisonom\u00eda que \u00ab alegra siempre \u00bb<\/span><sup><a class=\"sdendnoteanc\" href=\"#sdendnote1sym\" name=\"sdendnote1anc\">i<\/a><\/sup><span style=\"font-family: Cambria, serif;\">, era el lugar de reuni\u00f3n so\u00f1ado para un encuentro internacional de la mujer que no existe. Femenina, Par\u00eds existe m\u00e1s all\u00e1 de \u00ab la materialidad de sus muros \u00bb<\/span><sup><a class=\"sdendnoteanc\" href=\"#sdendnote2sym\" name=\"sdendnote2anc\">ii<\/a><\/sup><span style=\"font-family: Cambria, serif;\"> y no pertenece a nadie. \u00bfNo caben en ella de igual modo esas Grandes Conversaciones Virtuales que tendr\u00e1n lugar dentro de un a\u00f1o ? Es esta ciudad plural, suspendida entre dos orillas, la que han intentado captar los poetas, artistas, cantantes, historiadores, urbanistas. Atrev\u00e1monos nosotros tambi\u00e9n y salgamos en busca de ese lugar inabordable que es el Par\u00eds de la mujer que no existe.<\/span>&#13;\n<div id=\"sdendnote2\">&#13;\n&#13;\n\u00a0&#13;\n&#13;\n<\/div><\/p>\n\n\n\n<hr class=\"wp-block-separator\"\/>\n\n\n\n<p><a class=\"sdendnotesym\" href=\"#sdendnote1anc\" name=\"sdendnote1sym\">i<\/a><span style=\"font-size: small;\"><span style=\"font-family: Cambria, serif;\"><span style=\"font-size: medium;\">&nbsp;Citado por Pierre Citron, <\/span><\/span><span style=\"font-family: Cambria, serif;\"><span style=\"font-size: medium;\"><i>La Po\u00e9sie de Paris dans la litt\u00e9rature fran\u00e7aise de Rousseau \u00e0 Bodelaire<\/i><\/span><\/span><span style=\"font-family: Cambria, serif;\"><span style=\"font-size: medium;\">, t.2, Paris, \u00c9ditions de Minuit, p. 198.<\/span><\/span><\/span><\/p>\n\n\n\n<p><a class=\"sdendnotesym\" href=\"#sdendnote2anc\" name=\"sdendnote2sym\">ii<\/a><span style=\"font-size: small;\"><span style=\"font-family: Cambria, serif;\"><span style=\"font-size: medium;\">&nbsp;Dominique Kalifa, <\/span><\/span><span style=\"font-family: Cambria, serif;\"><span style=\"font-size: medium;\"><i>Paris, une histoire \u00e9rotique d\u2019Offenbach aux Sixties, <\/i><\/span><\/span><span style=\"font-family: Cambria, serif;\"><span style=\"font-size: medium;\">Paris, \u00c9ditions Payot &amp; Rivages, 2018, p. 10.<\/span><\/span><\/span><\/p>\n","protected":false},"excerpt":{"rendered":"<p>France Jaigu Par\u00eds, de la que el americano Waldo Emerson dec\u00eda que hab\u00eda sido edificada para el mundo entero, esa \u00ab hija \u00bb, \u00ab amiga \u00bb, \u00ab esposa \u00bb con su fisonom\u00eda que \u00ab alegra siempre \u00bbi, era el lugar de reuni\u00f3n so\u00f1ado para un encuentro internacional de la mujer que no existe. Femenina, Par\u00eds&hellip;&nbsp;<a href=\"https:\/\/www.grandesassisesamp2022.com\/es\/paris-no-toda\/\" class=\"\" rel=\"bookmark\">Read More &raquo;<span class=\"screen-reader-text\">Par\u00eds no toda<\/span><\/a><\/p>\n","protected":false},"author":1,"featured_media":8628,"comment_status":"open","ping_status":"open","sticky":false,"template":"","format":"standard","meta":{"neve_meta_sidebar":"","neve_meta_container":"","neve_meta_enable_content_width":"","neve_meta_content_width":0,"neve_meta_title_alignment":"","neve_meta_author_avatar":"","neve_post_elements_order":"","neve_meta_disable_header":"","neve_meta_disable_footer":"","neve_meta_disable_title":"","footnotes":""},"categories":[131,111],"tags":[],"class_list":["post-8174","post","type-post","status-publish","format-standard","has-post-thumbnail","hentry","category-en-avant-es","category-imagenes-postales"],"acf":[],"yoast_head":"<!-- This site is optimized with the Yoast SEO plugin v20.1 - https:\/\/yoast.com\/wordpress\/plugins\/seo\/ -->\n<title>Par\u00eds no toda - Grandes assises AMP 2022<\/title>\n<meta name=\"robots\" content=\"index, follow, max-snippet:-1, max-image-preview:large, max-video-preview:-1\" \/>\n<link rel=\"canonical\" href=\"https:\/\/www.grandesassisesamp2022.com\/es\/paris-no-toda\/\" \/>\n<meta property=\"og:locale\" content=\"es_ES\" \/>\n<meta property=\"og:type\" content=\"article\" \/>\n<meta property=\"og:title\" content=\"Par\u00eds no toda - Grandes assises AMP 2022\" \/>\n<meta property=\"og:description\" content=\"France Jaigu Par\u00eds, de la que el americano Waldo Emerson dec\u00eda que hab\u00eda sido edificada para el mundo entero, esa \u00ab hija \u00bb, \u00ab amiga \u00bb, \u00ab esposa \u00bb con su fisonom\u00eda que \u00ab alegra siempre \u00bbi, era el lugar de reuni\u00f3n so\u00f1ado para un encuentro internacional de la mujer que no existe. Femenina, Par\u00eds&hellip;&nbsp;Read More &raquo;Par\u00eds no toda\" \/>\n<meta property=\"og:url\" content=\"https:\/\/www.grandesassisesamp2022.com\/es\/paris-no-toda\/\" \/>\n<meta property=\"og:site_name\" content=\"Grandes assises AMP 2022\" \/>\n<meta property=\"article:published_time\" content=\"2021-05-11T07:50:17+00:00\" \/>\n<meta property=\"article:modified_time\" content=\"2021-05-28T14:16:10+00:00\" \/>\n<meta property=\"og:image\" content=\"https:\/\/www.grandesassisesamp2022.com\/wp-content\/uploads\/2021\/03\/PPT.jpeg\" \/>\n\t<meta property=\"og:image:width\" content=\"1214\" \/>\n\t<meta property=\"og:image:height\" content=\"759\" \/>\n\t<meta property=\"og:image:type\" content=\"image\/jpeg\" \/>\n<meta name=\"author\" content=\"adminamp2022paris\" \/>\n<meta name=\"twitter:card\" content=\"summary_large_image\" \/>\n<meta name=\"twitter:label1\" content=\"Escrito por\" \/>\n\t<meta name=\"twitter:data1\" content=\"France Jaigu\" \/>\n\t<meta name=\"twitter:label2\" content=\"Tiempo de lectura\" \/>\n\t<meta name=\"twitter:data2\" content=\"1 minuto\" \/>\n<script type=\"application\/ld+json\" class=\"yoast-schema-graph\">{\"@context\":\"https:\/\/schema.org\",\"@graph\":[{\"@type\":\"WebPage\",\"@id\":\"https:\/\/www.grandesassisesamp2022.com\/es\/paris-no-toda\/\",\"url\":\"https:\/\/www.grandesassisesamp2022.com\/es\/paris-no-toda\/\",\"name\":\"Par\u00eds no toda - Grandes assises AMP 2022\",\"isPartOf\":{\"@id\":\"https:\/\/www.grandesassisesamp2022.com\/#website\"},\"datePublished\":\"2021-05-11T07:50:17+00:00\",\"dateModified\":\"2021-05-28T14:16:10+00:00\",\"author\":{\"@id\":\"https:\/\/www.grandesassisesamp2022.com\/#\/schema\/person\/2fa9e0cb7f367fcf957986574be53f80\"},\"breadcrumb\":{\"@id\":\"https:\/\/www.grandesassisesamp2022.com\/es\/paris-no-toda\/#breadcrumb\"},\"inLanguage\":\"es\",\"potentialAction\":[{\"@type\":\"ReadAction\",\"target\":[\"https:\/\/www.grandesassisesamp2022.com\/es\/paris-no-toda\/\"]}]},{\"@type\":\"BreadcrumbList\",\"@id\":\"https:\/\/www.grandesassisesamp2022.com\/es\/paris-no-toda\/#breadcrumb\",\"itemListElement\":[{\"@type\":\"ListItem\",\"position\":1,\"name\":\"Accueil\",\"item\":\"https:\/\/www.grandesassisesamp2022.com\/es\/\"},{\"@type\":\"ListItem\",\"position\":2,\"name\":\"Par\u00eds no toda\"}]},{\"@type\":\"WebSite\",\"@id\":\"https:\/\/www.grandesassisesamp2022.com\/#website\",\"url\":\"https:\/\/www.grandesassisesamp2022.com\/\",\"name\":\"Grandes assises AMP 2022\",\"description\":\"Paris\",\"potentialAction\":[{\"@type\":\"SearchAction\",\"target\":{\"@type\":\"EntryPoint\",\"urlTemplate\":\"https:\/\/www.grandesassisesamp2022.com\/?s={search_term_string}\"},\"query-input\":\"required name=search_term_string\"}],\"inLanguage\":\"es\"},{\"@type\":\"Person\",\"@id\":\"https:\/\/www.grandesassisesamp2022.com\/#\/schema\/person\/2fa9e0cb7f367fcf957986574be53f80\",\"name\":\"adminamp2022paris\",\"image\":{\"@type\":\"ImageObject\",\"inLanguage\":\"es\",\"@id\":\"https:\/\/www.grandesassisesamp2022.com\/#\/schema\/person\/image\/\",\"url\":\"https:\/\/secure.gravatar.com\/avatar\/b6f45d7384790c27f94e083e1181898e35a52a7087dd8b3fd3a6a81f19f6a9d3?s=96&d=mm&r=g\",\"contentUrl\":\"https:\/\/secure.gravatar.com\/avatar\/b6f45d7384790c27f94e083e1181898e35a52a7087dd8b3fd3a6a81f19f6a9d3?s=96&d=mm&r=g\",\"caption\":\"adminamp2022paris\"},\"sameAs\":[\"https:\/\/www.congresamp2022.com\"],\"url\":\"\"}]}<\/script>\n<!-- \/ Yoast SEO plugin. -->","yoast_head_json":{"title":"Par\u00eds no toda - Grandes assises AMP 2022","robots":{"index":"index","follow":"follow","max-snippet":"max-snippet:-1","max-image-preview":"max-image-preview:large","max-video-preview":"max-video-preview:-1"},"canonical":"https:\/\/www.grandesassisesamp2022.com\/es\/paris-no-toda\/","og_locale":"es_ES","og_type":"article","og_title":"Par\u00eds no toda - Grandes assises AMP 2022","og_description":"France Jaigu Par\u00eds, de la que el americano Waldo Emerson dec\u00eda que hab\u00eda sido edificada para el mundo entero, esa \u00ab hija \u00bb, \u00ab amiga \u00bb, \u00ab esposa \u00bb con su fisonom\u00eda que \u00ab alegra siempre \u00bbi, era el lugar de reuni\u00f3n so\u00f1ado para un encuentro internacional de la mujer que no existe. Femenina, Par\u00eds&hellip;&nbsp;Read More &raquo;Par\u00eds no toda","og_url":"https:\/\/www.grandesassisesamp2022.com\/es\/paris-no-toda\/","og_site_name":"Grandes assises AMP 2022","article_published_time":"2021-05-11T07:50:17+00:00","article_modified_time":"2021-05-28T14:16:10+00:00","og_image":[{"width":1214,"height":759,"url":"https:\/\/www.grandesassisesamp2022.com\/wp-content\/uploads\/2021\/03\/PPT.jpeg","type":"image\/jpeg"}],"author":"adminamp2022paris","twitter_card":"summary_large_image","twitter_misc":{"Escrito por":"France Jaigu","Tiempo de lectura":"1 minuto"},"schema":{"@context":"https:\/\/schema.org","@graph":[{"@type":"WebPage","@id":"https:\/\/www.grandesassisesamp2022.com\/es\/paris-no-toda\/","url":"https:\/\/www.grandesassisesamp2022.com\/es\/paris-no-toda\/","name":"Par\u00eds no toda - Grandes assises AMP 2022","isPartOf":{"@id":"https:\/\/www.grandesassisesamp2022.com\/#website"},"datePublished":"2021-05-11T07:50:17+00:00","dateModified":"2021-05-28T14:16:10+00:00","author":{"@id":"https:\/\/www.grandesassisesamp2022.com\/#\/schema\/person\/2fa9e0cb7f367fcf957986574be53f80"},"breadcrumb":{"@id":"https:\/\/www.grandesassisesamp2022.com\/es\/paris-no-toda\/#breadcrumb"},"inLanguage":"es","potentialAction":[{"@type":"ReadAction","target":["https:\/\/www.grandesassisesamp2022.com\/es\/paris-no-toda\/"]}]},{"@type":"BreadcrumbList","@id":"https:\/\/www.grandesassisesamp2022.com\/es\/paris-no-toda\/#breadcrumb","itemListElement":[{"@type":"ListItem","position":1,"name":"Accueil","item":"https:\/\/www.grandesassisesamp2022.com\/es\/"},{"@type":"ListItem","position":2,"name":"Par\u00eds no toda"}]},{"@type":"WebSite","@id":"https:\/\/www.grandesassisesamp2022.com\/#website","url":"https:\/\/www.grandesassisesamp2022.com\/","name":"Grandes assises AMP 2022","description":"Paris","potentialAction":[{"@type":"SearchAction","target":{"@type":"EntryPoint","urlTemplate":"https:\/\/www.grandesassisesamp2022.com\/?s={search_term_string}"},"query-input":"required name=search_term_string"}],"inLanguage":"es"},{"@type":"Person","@id":"https:\/\/www.grandesassisesamp2022.com\/#\/schema\/person\/2fa9e0cb7f367fcf957986574be53f80","name":"adminamp2022paris","image":{"@type":"ImageObject","inLanguage":"es","@id":"https:\/\/www.grandesassisesamp2022.com\/#\/schema\/person\/image\/","url":"https:\/\/secure.gravatar.com\/avatar\/b6f45d7384790c27f94e083e1181898e35a52a7087dd8b3fd3a6a81f19f6a9d3?s=96&d=mm&r=g","contentUrl":"https:\/\/secure.gravatar.com\/avatar\/b6f45d7384790c27f94e083e1181898e35a52a7087dd8b3fd3a6a81f19f6a9d3?s=96&d=mm&r=g","caption":"adminamp2022paris"},"sameAs":["https:\/\/www.congresamp2022.com"],"url":""}]}},"_links":{"self":[{"href":"https:\/\/www.grandesassisesamp2022.com\/es\/wp-json\/wp\/v2\/posts\/8174","targetHints":{"allow":["GET"]}}],"collection":[{"href":"https:\/\/www.grandesassisesamp2022.com\/es\/wp-json\/wp\/v2\/posts"}],"about":[{"href":"https:\/\/www.grandesassisesamp2022.com\/es\/wp-json\/wp\/v2\/types\/post"}],"author":[{"embeddable":true,"href":"https:\/\/www.grandesassisesamp2022.com\/es\/wp-json\/wp\/v2\/users\/1"}],"replies":[{"embeddable":true,"href":"https:\/\/www.grandesassisesamp2022.com\/es\/wp-json\/wp\/v2\/comments?post=8174"}],"version-history":[{"count":2,"href":"https:\/\/www.grandesassisesamp2022.com\/es\/wp-json\/wp\/v2\/posts\/8174\/revisions"}],"predecessor-version":[{"id":8846,"href":"https:\/\/www.grandesassisesamp2022.com\/es\/wp-json\/wp\/v2\/posts\/8174\/revisions\/8846"}],"wp:featuredmedia":[{"embeddable":true,"href":"https:\/\/www.grandesassisesamp2022.com\/es\/wp-json\/wp\/v2\/media\/8628"}],"wp:attachment":[{"href":"https:\/\/www.grandesassisesamp2022.com\/es\/wp-json\/wp\/v2\/media?parent=8174"}],"wp:term":[{"taxonomy":"category","embeddable":true,"href":"https:\/\/www.grandesassisesamp2022.com\/es\/wp-json\/wp\/v2\/categories?post=8174"},{"taxonomy":"post_tag","embeddable":true,"href":"https:\/\/www.grandesassisesamp2022.com\/es\/wp-json\/wp\/v2\/tags?post=8174"}],"curies":[{"name":"wp","href":"https:\/\/api.w.org\/{rel}","templated":true}]}}