{"id":11727,"date":"2022-01-20T18:00:00","date_gmt":"2022-01-20T17:00:00","guid":{"rendered":"https:\/\/www.grandesassisesamp2022.com\/?p=11727"},"modified":"2022-01-18T13:28:04","modified_gmt":"2022-01-18T12:28:04","slug":"sintoma-y-sinthome","status":"publish","type":"post","link":"https:\/\/www.grandesassisesamp2022.com\/es\/sintoma-y-sinthome\/","title":{"rendered":"S\u00edntoma y sinthome"},"content":{"rendered":"\n<p>La relaci\u00f3n s\u00edntoma-<em>sinthome<\/em>&nbsp;exige reconocer la significaci\u00f3n de los planos que all\u00ed est\u00e1n en juego, es decir, su episteme, su pol\u00edtica, su \u00e9tica, su l\u00f3gica y en particular lo que esa relaci\u00f3n implica para la pr\u00e1ctica anal\u00edtica.<\/p>\n\n\n\n<p>En ella se condensa un recorrido incomparable y se expresa lo m\u00e1s decisivo del trabajo de Lacan de m\u00e1s de 50 a\u00f1os. Se trata de una elaboraci\u00f3n que finalmente produce un concepto que redefine el psicoan\u00e1lisis. \u00bfNo es visible all\u00ed la teor\u00eda del Uno-solo, construida con mil piezas diversas, la que hace posible establecer con rigor la singularidad de cada&nbsp;<em>parl\u00eatre<\/em>, justamente a partir de su&nbsp;<em>sinthome<\/em>? \u00bfNo era condici\u00f3n para su producci\u00f3n haber dejado atr\u00e1s los grafos y las superficies topol\u00f3gicas en beneficio de los nudos, es decir, ser capaz de ir contra s\u00ed mismo? \u00bfNo emerge all\u00ed con legitimidad una teor\u00eda de la interpretaci\u00f3n que reconoce el valor y la funci\u00f3n del equ\u00edvoco, de la reducci\u00f3n y de la nominaci\u00f3n? \u00bfEsa relaci\u00f3n no esclarece la paradoja de lo curable y lo incurable y acaso no interroga la comprensi\u00f3n que la modernidad tiene de lo normal y de lo patol\u00f3gico, del lenguaje y de lo real, para situar as\u00ed lo m\u00e1s propio de la naturaleza y de la funci\u00f3n del goce? \u00bfNo\u2026?<\/p>\n\n\n\n<p>Es que se trata, como bellamente la describe Miller, de \u201cla puesta en cuesti\u00f3n m\u00e1s meditada, m\u00e1s l\u00facida, m\u00e1s intr\u00e9pida, del arte sin par que Freud invent\u00f3 y que se conoce con el pseud\u00f3nimo de psicoan\u00e1lisis\u201d.&nbsp;<\/p>\n","protected":false},"excerpt":{"rendered":"<p>La relaci\u00f3n s\u00edntoma-sinthome&nbsp;exige reconocer la significaci\u00f3n de los planos que all\u00ed est\u00e1n en juego, es decir, su episteme, su pol\u00edtica, su \u00e9tica, su l\u00f3gica y en particular lo que esa relaci\u00f3n implica para la pr\u00e1ctica anal\u00edtica. En ella se condensa un recorrido incomparable y se expresa lo m\u00e1s decisivo del trabajo de Lacan de m\u00e1s&hellip;&nbsp;<a href=\"https:\/\/www.grandesassisesamp2022.com\/es\/sintoma-y-sinthome\/\" class=\"\" rel=\"bookmark\">Read More &raquo;<span class=\"screen-reader-text\">S\u00edntoma y sinthome<\/span><\/a><\/p>\n","protected":false},"author":13,"featured_media":0,"comment_status":"open","ping_status":"open","sticky":false,"template":"","format":"standard","meta":{"neve_meta_sidebar":"","neve_meta_container":"","neve_meta_enable_content_width":"","neve_meta_content_width":0,"neve_meta_title_alignment":"","neve_meta_author_avatar":"","neve_post_elements_order":"","neve_meta_disable_header":"","neve_meta_disable_footer":"","neve_meta_disable_title":"","footnotes":""},"categories":[96],"tags":[],"class_list":["post-11727","post","type-post","status-publish","format-standard","hentry","category-scilicet-es"],"acf":[],"yoast_head":"<!-- This site is optimized with the Yoast SEO plugin v20.1 - https:\/\/yoast.com\/wordpress\/plugins\/seo\/ -->\n<title>S\u00edntoma y sinthome - Grandes assises AMP 2022<\/title>\n<meta name=\"robots\" content=\"index, follow, max-snippet:-1, max-image-preview:large, max-video-preview:-1\" \/>\n<link rel=\"canonical\" href=\"https:\/\/www.grandesassisesamp2022.com\/es\/sintoma-y-sinthome\/\" \/>\n<meta property=\"og:locale\" content=\"es_ES\" \/>\n<meta property=\"og:type\" content=\"article\" \/>\n<meta property=\"og:title\" content=\"S\u00edntoma y sinthome - Grandes assises AMP 2022\" \/>\n<meta property=\"og:description\" content=\"La relaci\u00f3n s\u00edntoma-sinthome&nbsp;exige reconocer la significaci\u00f3n de los planos que all\u00ed est\u00e1n en juego, es decir, su episteme, su pol\u00edtica, su \u00e9tica, su l\u00f3gica y en particular lo que esa relaci\u00f3n implica para la pr\u00e1ctica anal\u00edtica. En ella se condensa un recorrido incomparable y se expresa lo m\u00e1s decisivo del trabajo de Lacan de m\u00e1s&hellip;&nbsp;Read More &raquo;S\u00edntoma y sinthome\" \/>\n<meta property=\"og:url\" content=\"https:\/\/www.grandesassisesamp2022.com\/es\/sintoma-y-sinthome\/\" \/>\n<meta property=\"og:site_name\" content=\"Grandes assises AMP 2022\" \/>\n<meta property=\"article:published_time\" content=\"2022-01-20T17:00:00+00:00\" \/>\n<meta property=\"article:modified_time\" content=\"2022-01-18T12:28:04+00:00\" \/>\n<meta name=\"author\" content=\"Anne Colombel-Plouzennec\" \/>\n<meta name=\"twitter:card\" content=\"summary_large_image\" \/>\n<meta name=\"twitter:label1\" content=\"Escrito por\" \/>\n\t<meta name=\"twitter:data1\" content=\"Juan Fernando P\u00e9rez\" \/>\n\t<meta name=\"twitter:label2\" content=\"Tiempo de lectura\" \/>\n\t<meta name=\"twitter:data2\" content=\"1 minuto\" \/>\n<script type=\"application\/ld+json\" class=\"yoast-schema-graph\">{\"@context\":\"https:\/\/schema.org\",\"@graph\":[{\"@type\":\"WebPage\",\"@id\":\"https:\/\/www.grandesassisesamp2022.com\/es\/sintoma-y-sinthome\/\",\"url\":\"https:\/\/www.grandesassisesamp2022.com\/es\/sintoma-y-sinthome\/\",\"name\":\"S\u00edntoma y sinthome - Grandes assises AMP 2022\",\"isPartOf\":{\"@id\":\"https:\/\/www.grandesassisesamp2022.com\/#website\"},\"datePublished\":\"2022-01-20T17:00:00+00:00\",\"dateModified\":\"2022-01-18T12:28:04+00:00\",\"author\":{\"@id\":\"https:\/\/www.grandesassisesamp2022.com\/#\/schema\/person\/afb807a7df86ab26826226b3e60e2a29\"},\"breadcrumb\":{\"@id\":\"https:\/\/www.grandesassisesamp2022.com\/es\/sintoma-y-sinthome\/#breadcrumb\"},\"inLanguage\":\"es\",\"potentialAction\":[{\"@type\":\"ReadAction\",\"target\":[\"https:\/\/www.grandesassisesamp2022.com\/es\/sintoma-y-sinthome\/\"]}]},{\"@type\":\"BreadcrumbList\",\"@id\":\"https:\/\/www.grandesassisesamp2022.com\/es\/sintoma-y-sinthome\/#breadcrumb\",\"itemListElement\":[{\"@type\":\"ListItem\",\"position\":1,\"name\":\"Accueil\",\"item\":\"https:\/\/www.grandesassisesamp2022.com\/es\/\"},{\"@type\":\"ListItem\",\"position\":2,\"name\":\"S\u00edntoma y sinthome\"}]},{\"@type\":\"WebSite\",\"@id\":\"https:\/\/www.grandesassisesamp2022.com\/#website\",\"url\":\"https:\/\/www.grandesassisesamp2022.com\/\",\"name\":\"Grandes assises AMP 2022\",\"description\":\"Paris\",\"potentialAction\":[{\"@type\":\"SearchAction\",\"target\":{\"@type\":\"EntryPoint\",\"urlTemplate\":\"https:\/\/www.grandesassisesamp2022.com\/?s={search_term_string}\"},\"query-input\":\"required name=search_term_string\"}],\"inLanguage\":\"es\"},{\"@type\":\"Person\",\"@id\":\"https:\/\/www.grandesassisesamp2022.com\/#\/schema\/person\/afb807a7df86ab26826226b3e60e2a29\",\"name\":\"Anne Colombel-Plouzennec\",\"image\":{\"@type\":\"ImageObject\",\"inLanguage\":\"es\",\"@id\":\"https:\/\/www.grandesassisesamp2022.com\/#\/schema\/person\/image\/\",\"url\":\"https:\/\/secure.gravatar.com\/avatar\/80d6c7b1ccd81d04b4d32c5212f51eeb21422d492a52867c47c278d64b69670c?s=96&d=mm&r=g\",\"contentUrl\":\"https:\/\/secure.gravatar.com\/avatar\/80d6c7b1ccd81d04b4d32c5212f51eeb21422d492a52867c47c278d64b69670c?s=96&d=mm&r=g\",\"caption\":\"Anne Colombel-Plouzennec\"},\"url\":\"\"}]}<\/script>\n<!-- \/ Yoast SEO plugin. -->","yoast_head_json":{"title":"S\u00edntoma y sinthome - Grandes assises AMP 2022","robots":{"index":"index","follow":"follow","max-snippet":"max-snippet:-1","max-image-preview":"max-image-preview:large","max-video-preview":"max-video-preview:-1"},"canonical":"https:\/\/www.grandesassisesamp2022.com\/es\/sintoma-y-sinthome\/","og_locale":"es_ES","og_type":"article","og_title":"S\u00edntoma y sinthome - Grandes assises AMP 2022","og_description":"La relaci\u00f3n s\u00edntoma-sinthome&nbsp;exige reconocer la significaci\u00f3n de los planos que all\u00ed est\u00e1n en juego, es decir, su episteme, su pol\u00edtica, su \u00e9tica, su l\u00f3gica y en particular lo que esa relaci\u00f3n implica para la pr\u00e1ctica anal\u00edtica. En ella se condensa un recorrido incomparable y se expresa lo m\u00e1s decisivo del trabajo de Lacan de m\u00e1s&hellip;&nbsp;Read More &raquo;S\u00edntoma y sinthome","og_url":"https:\/\/www.grandesassisesamp2022.com\/es\/sintoma-y-sinthome\/","og_site_name":"Grandes assises AMP 2022","article_published_time":"2022-01-20T17:00:00+00:00","article_modified_time":"2022-01-18T12:28:04+00:00","author":"Anne Colombel-Plouzennec","twitter_card":"summary_large_image","twitter_misc":{"Escrito por":"Juan Fernando P\u00e9rez","Tiempo de lectura":"1 minuto"},"schema":{"@context":"https:\/\/schema.org","@graph":[{"@type":"WebPage","@id":"https:\/\/www.grandesassisesamp2022.com\/es\/sintoma-y-sinthome\/","url":"https:\/\/www.grandesassisesamp2022.com\/es\/sintoma-y-sinthome\/","name":"S\u00edntoma y sinthome - Grandes assises AMP 2022","isPartOf":{"@id":"https:\/\/www.grandesassisesamp2022.com\/#website"},"datePublished":"2022-01-20T17:00:00+00:00","dateModified":"2022-01-18T12:28:04+00:00","author":{"@id":"https:\/\/www.grandesassisesamp2022.com\/#\/schema\/person\/afb807a7df86ab26826226b3e60e2a29"},"breadcrumb":{"@id":"https:\/\/www.grandesassisesamp2022.com\/es\/sintoma-y-sinthome\/#breadcrumb"},"inLanguage":"es","potentialAction":[{"@type":"ReadAction","target":["https:\/\/www.grandesassisesamp2022.com\/es\/sintoma-y-sinthome\/"]}]},{"@type":"BreadcrumbList","@id":"https:\/\/www.grandesassisesamp2022.com\/es\/sintoma-y-sinthome\/#breadcrumb","itemListElement":[{"@type":"ListItem","position":1,"name":"Accueil","item":"https:\/\/www.grandesassisesamp2022.com\/es\/"},{"@type":"ListItem","position":2,"name":"S\u00edntoma y sinthome"}]},{"@type":"WebSite","@id":"https:\/\/www.grandesassisesamp2022.com\/#website","url":"https:\/\/www.grandesassisesamp2022.com\/","name":"Grandes assises AMP 2022","description":"Paris","potentialAction":[{"@type":"SearchAction","target":{"@type":"EntryPoint","urlTemplate":"https:\/\/www.grandesassisesamp2022.com\/?s={search_term_string}"},"query-input":"required name=search_term_string"}],"inLanguage":"es"},{"@type":"Person","@id":"https:\/\/www.grandesassisesamp2022.com\/#\/schema\/person\/afb807a7df86ab26826226b3e60e2a29","name":"Anne Colombel-Plouzennec","image":{"@type":"ImageObject","inLanguage":"es","@id":"https:\/\/www.grandesassisesamp2022.com\/#\/schema\/person\/image\/","url":"https:\/\/secure.gravatar.com\/avatar\/80d6c7b1ccd81d04b4d32c5212f51eeb21422d492a52867c47c278d64b69670c?s=96&d=mm&r=g","contentUrl":"https:\/\/secure.gravatar.com\/avatar\/80d6c7b1ccd81d04b4d32c5212f51eeb21422d492a52867c47c278d64b69670c?s=96&d=mm&r=g","caption":"Anne Colombel-Plouzennec"},"url":""}]}},"_links":{"self":[{"href":"https:\/\/www.grandesassisesamp2022.com\/es\/wp-json\/wp\/v2\/posts\/11727","targetHints":{"allow":["GET"]}}],"collection":[{"href":"https:\/\/www.grandesassisesamp2022.com\/es\/wp-json\/wp\/v2\/posts"}],"about":[{"href":"https:\/\/www.grandesassisesamp2022.com\/es\/wp-json\/wp\/v2\/types\/post"}],"author":[{"embeddable":true,"href":"https:\/\/www.grandesassisesamp2022.com\/es\/wp-json\/wp\/v2\/users\/13"}],"replies":[{"embeddable":true,"href":"https:\/\/www.grandesassisesamp2022.com\/es\/wp-json\/wp\/v2\/comments?post=11727"}],"version-history":[{"count":1,"href":"https:\/\/www.grandesassisesamp2022.com\/es\/wp-json\/wp\/v2\/posts\/11727\/revisions"}],"predecessor-version":[{"id":11728,"href":"https:\/\/www.grandesassisesamp2022.com\/es\/wp-json\/wp\/v2\/posts\/11727\/revisions\/11728"}],"wp:attachment":[{"href":"https:\/\/www.grandesassisesamp2022.com\/es\/wp-json\/wp\/v2\/media?parent=11727"}],"wp:term":[{"taxonomy":"category","embeddable":true,"href":"https:\/\/www.grandesassisesamp2022.com\/es\/wp-json\/wp\/v2\/categories?post=11727"},{"taxonomy":"post_tag","embeddable":true,"href":"https:\/\/www.grandesassisesamp2022.com\/es\/wp-json\/wp\/v2\/tags?post=11727"}],"curies":[{"name":"wp","href":"https:\/\/api.w.org\/{rel}","templated":true}]}}