{"id":11701,"date":"2022-01-18T18:00:00","date_gmt":"2022-01-18T17:00:00","guid":{"rendered":"https:\/\/www.grandesassisesamp2022.com\/?p=11701"},"modified":"2022-01-17T10:10:43","modified_gmt":"2022-01-17T09:10:43","slug":"nombre-del-padre-y-pere-version","status":"publish","type":"post","link":"https:\/\/www.grandesassisesamp2022.com\/es\/nombre-del-padre-y-pere-version\/","title":{"rendered":"Nombre-del-Padre y p\u00e8re-versi\u00f3n"},"content":{"rendered":"\n<p>Freud encontr\u00f3 en S\u00f3focles el uno de la tragedia que se opon\u00eda a lo m\u00faltiple del mito de Edipo. All\u00ed recogi\u00f3 la estructura del complejo nuclear de la neurosis.<\/p>\n\n\n\n<p>Lacan pasa de ese mitema a la met\u00e1fora paterna, que hace del padre una funci\u00f3n simb\u00f3lica, transmisible al linaje, solo a condici\u00f3n de que est\u00e9 mediada por el deseo de la madre. Pues la madre si existe en el inconsciente.&nbsp;<\/p>\n\n\n\n<p>Si esa funci\u00f3n llega al hijo, le hace tomar posici\u00f3n ante el Otro. Ese ingreso tiene por condici\u00f3n que su sexualidad est\u00e9 marcada por un menos de goce f\u00e1lico. El falo aparece en la estructura como resultado de esta operaci\u00f3n, pero castrado. Eso le permite orientarse en las estructuras elementales del parentesco y en las prohibiciones fundadoras de la cultura. Pero lo femenino escapa a este matema, una mujer no es solo una madre.<\/p>\n\n\n\n<p>Despu\u00e9s, Lacan incluye en esta estructuraci\u00f3n subjetiva el goce del objeto&nbsp;<em>a<\/em>, y a la vez pluraliza los nombres-del-padre. Ese nuevo objeto da la posibilidad de que el padre oriente la sexualidad del hijo de una nueva manera, de quien merecer\u00e1 el amor y el respeto, cuando haga de una mujer la causa de su deseo, su objeto&nbsp;<em>a<\/em>, agalm\u00e1tico.<\/p>\n\n\n\n<p>Algo de lo femenino es indicado all\u00ed, el amor y del deseo como pasiones posibles emergen desde ese lugar. As\u00ed, el hijo puede orientarse hacia una mujer, no a LA, porque no hay un art\u00edculo definido que la nombre como tal.<\/p>\n","protected":false},"excerpt":{"rendered":"<p>Freud encontr\u00f3 en S\u00f3focles el uno de la tragedia que se opon\u00eda a lo m\u00faltiple del mito de Edipo. All\u00ed recogi\u00f3 la estructura del complejo nuclear de la neurosis. Lacan pasa de ese mitema a la met\u00e1fora paterna, que hace del padre una funci\u00f3n simb\u00f3lica, transmisible al linaje, solo a condici\u00f3n de que est\u00e9 mediada&hellip;&nbsp;<a href=\"https:\/\/www.grandesassisesamp2022.com\/es\/nombre-del-padre-y-pere-version\/\" class=\"\" rel=\"bookmark\">Read More &raquo;<span class=\"screen-reader-text\">Nombre-del-Padre y p\u00e8re-versi\u00f3n<\/span><\/a><\/p>\n","protected":false},"author":13,"featured_media":0,"comment_status":"open","ping_status":"open","sticky":false,"template":"","format":"standard","meta":{"neve_meta_sidebar":"","neve_meta_container":"","neve_meta_enable_content_width":"","neve_meta_content_width":0,"neve_meta_title_alignment":"","neve_meta_author_avatar":"","neve_post_elements_order":"","neve_meta_disable_header":"","neve_meta_disable_footer":"","neve_meta_disable_title":"","footnotes":""},"categories":[96],"tags":[],"class_list":["post-11701","post","type-post","status-publish","format-standard","hentry","category-scilicet-es"],"acf":[],"yoast_head":"<!-- This site is optimized with the Yoast SEO plugin v20.1 - https:\/\/yoast.com\/wordpress\/plugins\/seo\/ -->\n<title>Nombre-del-Padre y p\u00e8re-versi\u00f3n - Grandes assises AMP 2022<\/title>\n<meta name=\"robots\" content=\"index, follow, max-snippet:-1, max-image-preview:large, max-video-preview:-1\" \/>\n<link rel=\"canonical\" href=\"https:\/\/www.grandesassisesamp2022.com\/es\/nombre-del-padre-y-pere-version\/\" \/>\n<meta property=\"og:locale\" content=\"es_ES\" \/>\n<meta property=\"og:type\" content=\"article\" \/>\n<meta property=\"og:title\" content=\"Nombre-del-Padre y p\u00e8re-versi\u00f3n - Grandes assises AMP 2022\" \/>\n<meta property=\"og:description\" content=\"Freud encontr\u00f3 en S\u00f3focles el uno de la tragedia que se opon\u00eda a lo m\u00faltiple del mito de Edipo. All\u00ed recogi\u00f3 la estructura del complejo nuclear de la neurosis. Lacan pasa de ese mitema a la met\u00e1fora paterna, que hace del padre una funci\u00f3n simb\u00f3lica, transmisible al linaje, solo a condici\u00f3n de que est\u00e9 mediada&hellip;&nbsp;Read More &raquo;Nombre-del-Padre y p\u00e8re-versi\u00f3n\" \/>\n<meta property=\"og:url\" content=\"https:\/\/www.grandesassisesamp2022.com\/es\/nombre-del-padre-y-pere-version\/\" \/>\n<meta property=\"og:site_name\" content=\"Grandes assises AMP 2022\" \/>\n<meta property=\"article:published_time\" content=\"2022-01-18T17:00:00+00:00\" \/>\n<meta property=\"article:modified_time\" content=\"2022-01-17T09:10:43+00:00\" \/>\n<meta name=\"author\" content=\"Anne Colombel-Plouzennec\" \/>\n<meta name=\"twitter:card\" content=\"summary_large_image\" \/>\n<meta name=\"twitter:label1\" content=\"Escrito por\" \/>\n\t<meta name=\"twitter:data1\" content=\"Mario Elkin Ram\u00edrez\" \/>\n\t<meta name=\"twitter:label2\" content=\"Tiempo de lectura\" \/>\n\t<meta name=\"twitter:data2\" content=\"1 minuto\" \/>\n<script type=\"application\/ld+json\" class=\"yoast-schema-graph\">{\"@context\":\"https:\/\/schema.org\",\"@graph\":[{\"@type\":\"WebPage\",\"@id\":\"https:\/\/www.grandesassisesamp2022.com\/es\/nombre-del-padre-y-pere-version\/\",\"url\":\"https:\/\/www.grandesassisesamp2022.com\/es\/nombre-del-padre-y-pere-version\/\",\"name\":\"Nombre-del-Padre y p\u00e8re-versi\u00f3n - Grandes assises AMP 2022\",\"isPartOf\":{\"@id\":\"https:\/\/www.grandesassisesamp2022.com\/#website\"},\"datePublished\":\"2022-01-18T17:00:00+00:00\",\"dateModified\":\"2022-01-17T09:10:43+00:00\",\"author\":{\"@id\":\"https:\/\/www.grandesassisesamp2022.com\/#\/schema\/person\/afb807a7df86ab26826226b3e60e2a29\"},\"breadcrumb\":{\"@id\":\"https:\/\/www.grandesassisesamp2022.com\/es\/nombre-del-padre-y-pere-version\/#breadcrumb\"},\"inLanguage\":\"es\",\"potentialAction\":[{\"@type\":\"ReadAction\",\"target\":[\"https:\/\/www.grandesassisesamp2022.com\/es\/nombre-del-padre-y-pere-version\/\"]}]},{\"@type\":\"BreadcrumbList\",\"@id\":\"https:\/\/www.grandesassisesamp2022.com\/es\/nombre-del-padre-y-pere-version\/#breadcrumb\",\"itemListElement\":[{\"@type\":\"ListItem\",\"position\":1,\"name\":\"Accueil\",\"item\":\"https:\/\/www.grandesassisesamp2022.com\/es\/\"},{\"@type\":\"ListItem\",\"position\":2,\"name\":\"Nombre-del-Padre y p\u00e8re-versi\u00f3n\"}]},{\"@type\":\"WebSite\",\"@id\":\"https:\/\/www.grandesassisesamp2022.com\/#website\",\"url\":\"https:\/\/www.grandesassisesamp2022.com\/\",\"name\":\"Grandes assises AMP 2022\",\"description\":\"Paris\",\"potentialAction\":[{\"@type\":\"SearchAction\",\"target\":{\"@type\":\"EntryPoint\",\"urlTemplate\":\"https:\/\/www.grandesassisesamp2022.com\/?s={search_term_string}\"},\"query-input\":\"required name=search_term_string\"}],\"inLanguage\":\"es\"},{\"@type\":\"Person\",\"@id\":\"https:\/\/www.grandesassisesamp2022.com\/#\/schema\/person\/afb807a7df86ab26826226b3e60e2a29\",\"name\":\"Anne Colombel-Plouzennec\",\"image\":{\"@type\":\"ImageObject\",\"inLanguage\":\"es\",\"@id\":\"https:\/\/www.grandesassisesamp2022.com\/#\/schema\/person\/image\/\",\"url\":\"https:\/\/secure.gravatar.com\/avatar\/80d6c7b1ccd81d04b4d32c5212f51eeb21422d492a52867c47c278d64b69670c?s=96&d=mm&r=g\",\"contentUrl\":\"https:\/\/secure.gravatar.com\/avatar\/80d6c7b1ccd81d04b4d32c5212f51eeb21422d492a52867c47c278d64b69670c?s=96&d=mm&r=g\",\"caption\":\"Anne Colombel-Plouzennec\"},\"url\":\"\"}]}<\/script>\n<!-- \/ Yoast SEO plugin. -->","yoast_head_json":{"title":"Nombre-del-Padre y p\u00e8re-versi\u00f3n - Grandes assises AMP 2022","robots":{"index":"index","follow":"follow","max-snippet":"max-snippet:-1","max-image-preview":"max-image-preview:large","max-video-preview":"max-video-preview:-1"},"canonical":"https:\/\/www.grandesassisesamp2022.com\/es\/nombre-del-padre-y-pere-version\/","og_locale":"es_ES","og_type":"article","og_title":"Nombre-del-Padre y p\u00e8re-versi\u00f3n - Grandes assises AMP 2022","og_description":"Freud encontr\u00f3 en S\u00f3focles el uno de la tragedia que se opon\u00eda a lo m\u00faltiple del mito de Edipo. All\u00ed recogi\u00f3 la estructura del complejo nuclear de la neurosis. Lacan pasa de ese mitema a la met\u00e1fora paterna, que hace del padre una funci\u00f3n simb\u00f3lica, transmisible al linaje, solo a condici\u00f3n de que est\u00e9 mediada&hellip;&nbsp;Read More &raquo;Nombre-del-Padre y p\u00e8re-versi\u00f3n","og_url":"https:\/\/www.grandesassisesamp2022.com\/es\/nombre-del-padre-y-pere-version\/","og_site_name":"Grandes assises AMP 2022","article_published_time":"2022-01-18T17:00:00+00:00","article_modified_time":"2022-01-17T09:10:43+00:00","author":"Anne Colombel-Plouzennec","twitter_card":"summary_large_image","twitter_misc":{"Escrito por":"Mario Elkin Ram\u00edrez","Tiempo de lectura":"1 minuto"},"schema":{"@context":"https:\/\/schema.org","@graph":[{"@type":"WebPage","@id":"https:\/\/www.grandesassisesamp2022.com\/es\/nombre-del-padre-y-pere-version\/","url":"https:\/\/www.grandesassisesamp2022.com\/es\/nombre-del-padre-y-pere-version\/","name":"Nombre-del-Padre y p\u00e8re-versi\u00f3n - Grandes assises AMP 2022","isPartOf":{"@id":"https:\/\/www.grandesassisesamp2022.com\/#website"},"datePublished":"2022-01-18T17:00:00+00:00","dateModified":"2022-01-17T09:10:43+00:00","author":{"@id":"https:\/\/www.grandesassisesamp2022.com\/#\/schema\/person\/afb807a7df86ab26826226b3e60e2a29"},"breadcrumb":{"@id":"https:\/\/www.grandesassisesamp2022.com\/es\/nombre-del-padre-y-pere-version\/#breadcrumb"},"inLanguage":"es","potentialAction":[{"@type":"ReadAction","target":["https:\/\/www.grandesassisesamp2022.com\/es\/nombre-del-padre-y-pere-version\/"]}]},{"@type":"BreadcrumbList","@id":"https:\/\/www.grandesassisesamp2022.com\/es\/nombre-del-padre-y-pere-version\/#breadcrumb","itemListElement":[{"@type":"ListItem","position":1,"name":"Accueil","item":"https:\/\/www.grandesassisesamp2022.com\/es\/"},{"@type":"ListItem","position":2,"name":"Nombre-del-Padre y p\u00e8re-versi\u00f3n"}]},{"@type":"WebSite","@id":"https:\/\/www.grandesassisesamp2022.com\/#website","url":"https:\/\/www.grandesassisesamp2022.com\/","name":"Grandes assises AMP 2022","description":"Paris","potentialAction":[{"@type":"SearchAction","target":{"@type":"EntryPoint","urlTemplate":"https:\/\/www.grandesassisesamp2022.com\/?s={search_term_string}"},"query-input":"required name=search_term_string"}],"inLanguage":"es"},{"@type":"Person","@id":"https:\/\/www.grandesassisesamp2022.com\/#\/schema\/person\/afb807a7df86ab26826226b3e60e2a29","name":"Anne Colombel-Plouzennec","image":{"@type":"ImageObject","inLanguage":"es","@id":"https:\/\/www.grandesassisesamp2022.com\/#\/schema\/person\/image\/","url":"https:\/\/secure.gravatar.com\/avatar\/80d6c7b1ccd81d04b4d32c5212f51eeb21422d492a52867c47c278d64b69670c?s=96&d=mm&r=g","contentUrl":"https:\/\/secure.gravatar.com\/avatar\/80d6c7b1ccd81d04b4d32c5212f51eeb21422d492a52867c47c278d64b69670c?s=96&d=mm&r=g","caption":"Anne Colombel-Plouzennec"},"url":""}]}},"_links":{"self":[{"href":"https:\/\/www.grandesassisesamp2022.com\/es\/wp-json\/wp\/v2\/posts\/11701","targetHints":{"allow":["GET"]}}],"collection":[{"href":"https:\/\/www.grandesassisesamp2022.com\/es\/wp-json\/wp\/v2\/posts"}],"about":[{"href":"https:\/\/www.grandesassisesamp2022.com\/es\/wp-json\/wp\/v2\/types\/post"}],"author":[{"embeddable":true,"href":"https:\/\/www.grandesassisesamp2022.com\/es\/wp-json\/wp\/v2\/users\/13"}],"replies":[{"embeddable":true,"href":"https:\/\/www.grandesassisesamp2022.com\/es\/wp-json\/wp\/v2\/comments?post=11701"}],"version-history":[{"count":1,"href":"https:\/\/www.grandesassisesamp2022.com\/es\/wp-json\/wp\/v2\/posts\/11701\/revisions"}],"predecessor-version":[{"id":11702,"href":"https:\/\/www.grandesassisesamp2022.com\/es\/wp-json\/wp\/v2\/posts\/11701\/revisions\/11702"}],"wp:attachment":[{"href":"https:\/\/www.grandesassisesamp2022.com\/es\/wp-json\/wp\/v2\/media?parent=11701"}],"wp:term":[{"taxonomy":"category","embeddable":true,"href":"https:\/\/www.grandesassisesamp2022.com\/es\/wp-json\/wp\/v2\/categories?post=11701"},{"taxonomy":"post_tag","embeddable":true,"href":"https:\/\/www.grandesassisesamp2022.com\/es\/wp-json\/wp\/v2\/tags?post=11701"}],"curies":[{"name":"wp","href":"https:\/\/api.w.org\/{rel}","templated":true}]}}