{"id":9388,"date":"2021-07-21T22:52:15","date_gmt":"2021-07-21T20:52:15","guid":{"rendered":"https:\/\/www.grandesassisesamp2022.com\/chile-de-las-manifestaciones-contra-la-violencia-a-la-paridad\/"},"modified":"2021-07-21T22:52:57","modified_gmt":"2021-07-21T20:52:57","slug":"chile-de-las-manifestaciones-contra-la-violencia-a-la-paridad","status":"publish","type":"post","link":"https:\/\/www.grandesassisesamp2022.com\/en\/chile-de-las-manifestaciones-contra-la-violencia-a-la-paridad\/","title":{"rendered":"Chile : de las manifestaciones contra la violencia a la paridad"},"content":{"rendered":"\n<p>Chile 2019: cuatro mujeres de 31 a\u00f1os dieron vida al colectivo Las Tesis. La idea original era traducir algunas tesis de autoras feministas a un formato de&nbsp;<em>performance<\/em>&nbsp;para llevarlas \u201cde la academia a las calles\u201d. La canci\u00f3n \u201cEl violador eres t\u00fa\u201d (inspirada en la tesis de la antrop\u00f3loga argentina Rita Segato) al ser presentada en el contexto de las manifestaciones sociales de 2019, produce un impacto inesperado. El video de la canci\u00f3n se hizo viral y fue reproducido masivamente bajo la forma de un himno por mujeres de Am\u00e9rica&nbsp;Latina y Europa. A partir de aqu\u00ed las luchas de los movimientos feministas toman mayor fuerza pol\u00edtica y social en Chile, confirm\u00e1ndose en el debate pol\u00edtico. Una de las demandas fue la de incluir la paridad hombres-mujeres en el seno de la asamblea constituyente elegida este a\u00f1o y que ser\u00e1 la encargada de redactar la nueva constituci\u00f3n del pa\u00eds. Hoy, a partir de mayo 2021, es ya un hecho. Agreguemos que, debido a las correcciones impuestas por la ley de paridad, once mujeres debieron ceder a los hombres los esca\u00f1os ganados en las elecciones para la constituyente.<\/p>\n\n\n\n<p><a href=\"http:\/\/Chile Qui\u00e9nes son Las Tesis | El Violador eres t\u00fa | C\u00f3mo naci\u00f3 &quot;Un violador en tu camino&quot;\">Enlace de v\u00eddeo 1<\/a><\/p>\n\n\n\n<p><a href=\"https:\/\/amp.france24.com\/es\/am%C3%A9rica-latina\/20210518-chile-resultados-constituyente-estallido-social-equidad\">Enlace de v\u00eddeo 2<\/a><\/p>\n\n\n\n<p><\/p>\n\n\n\n<p><strong>Chili : des manifestations&nbsp;contre la violence \u00e0 la parit\u00e9<\/strong><\/p>\n\n\n\n<p>Chili 2019 : quatre femmes de 31 ans ont donn\u00e9 naissance au collectif&nbsp;<em>Las Tesis<\/em>. Leur id\u00e9e originale \u00e9tait de traduire certaines th\u00e8ses d\u2019auteurs f\u00e9ministes sous la forme de performances artistiques&nbsp;pour les mener \u00ab&nbsp;de l\u2019acad\u00e9mie \u00e0&nbsp;la rue&nbsp;\u00bb. La chanson \u00ab&nbsp;El violador eres t\u00fa \u00bb, \u00ab Le violeur, c\u2019est toi \u00bb (inspir\u00e9e de la th\u00e8se de l\u2019anthropologue argentine Rita Segato) \u00e9tant tr\u00e8s pr\u00e9sente dans le contexte des manifestations sociales de 2019 aura ainsi un impact inattendu. La vid\u00e9o de la chanson se fait virale et sera reprise massivement sous la forme d\u2019un hymne par des femmes d&#8217;Am\u00e9rique latine et d\u2019Europe. D\u00e8s lors, les luttes des mouvements f\u00e9ministes prendront plus de force politique et sociale au Chili en s\u2019affirmant dans le d\u00e9bat politique. Une des revendications \u00e9tait d\u2019inclure la parit\u00e9 hommes-femmes&nbsp;au sein de l\u2019assembl\u00e9e constituante, \u00e9lue cette ann\u00e9e, et qui est charg\u00e9e de r\u00e9diger la nouvelle constitution du pays. C\u2019est aujourd\u2019hui,&nbsp;et depuis mai 2021, chose faite. Ajoutons que, du fait des nouvelles r\u00e8gles impos\u00e9es par la parit\u00e9, onze femmes ont finalement d\u00fb c\u00e9der leur si\u00e8ge \u00e0 des hommes \u00e0 l\u2019issue de ces \u00e9lections. &nbsp;&nbsp;&nbsp;&nbsp;&nbsp;<\/p>\n\n\n\n<p><a href=\"http:\/\/Chile Qui\u00e9nes son Las Tesis | El Violador eres t\u00fa | C\u00f3mo naci\u00f3 &quot;Un violador en tu camino&quot;\">Lien vid\u00e9o 1<\/a><\/p>\n\n\n\n<p><a href=\"https:\/\/amp.france24.com\/es\/am%C3%A9rica-latina\/20210518-chile-resultados-constituyente-estallido-social-equidad\">Lien vid\u00e9o 2<\/a><\/p>\n","protected":false},"excerpt":{"rendered":"<p>Chile 2019: cuatro mujeres de 31 a\u00f1os dieron vida al colectivo Las Tesis. La idea original era traducir algunas tesis de autoras feministas a un formato de&nbsp;performance&nbsp;para llevarlas \u201cde la academia a las calles\u201d. La canci\u00f3n \u201cEl violador eres t\u00fa\u201d (inspirada en la tesis de la antrop\u00f3loga argentina Rita Segato) al ser presentada en el&hellip;&nbsp;<a href=\"https:\/\/www.grandesassisesamp2022.com\/en\/chile-de-las-manifestaciones-contra-la-violencia-a-la-paridad\/\" class=\"\" rel=\"bookmark\">Read More &raquo;<span class=\"screen-reader-text\">Chile : de las manifestaciones contra la violencia a la paridad<\/span><\/a><\/p>\n","protected":false},"author":13,"featured_media":0,"comment_status":"open","ping_status":"open","sticky":false,"template":"","format":"standard","meta":{"neve_meta_sidebar":"","neve_meta_container":"","neve_meta_enable_content_width":"","neve_meta_content_width":0,"neve_meta_title_alignment":"","neve_meta_author_avatar":"","neve_post_elements_order":"","neve_meta_disable_header":"","neve_meta_disable_footer":"","neve_meta_disable_title":"","footnotes":""},"categories":[79],"tags":[],"class_list":["post-9388","post","type-post","status-publish","format-standard","hentry","category-correspondents"],"acf":[],"yoast_head":"<!-- This site is optimized with the Yoast SEO plugin v20.1 - https:\/\/yoast.com\/wordpress\/plugins\/seo\/ -->\n<title>Chile : de las manifestaciones contra la violencia a la paridad - Grandes assises AMP 2022<\/title>\n<meta name=\"robots\" content=\"index, follow, max-snippet:-1, max-image-preview:large, max-video-preview:-1\" \/>\n<link rel=\"canonical\" href=\"https:\/\/www.grandesassisesamp2022.com\/en\/chile-de-las-manifestaciones-contra-la-violencia-a-la-paridad\/\" \/>\n<meta property=\"og:locale\" content=\"en_US\" \/>\n<meta property=\"og:type\" content=\"article\" \/>\n<meta property=\"og:title\" content=\"Chile : de las manifestaciones contra la violencia a la paridad - Grandes assises AMP 2022\" \/>\n<meta property=\"og:description\" content=\"Chile 2019: cuatro mujeres de 31 a\u00f1os dieron vida al colectivo Las Tesis. La idea original era traducir algunas tesis de autoras feministas a un formato de&nbsp;performance&nbsp;para llevarlas \u201cde la academia a las calles\u201d. La canci\u00f3n \u201cEl violador eres t\u00fa\u201d (inspirada en la tesis de la antrop\u00f3loga argentina Rita Segato) al ser presentada en el&hellip;&nbsp;Read More &raquo;Chile : de las manifestaciones contra la violencia a la paridad\" \/>\n<meta property=\"og:url\" content=\"https:\/\/www.grandesassisesamp2022.com\/en\/chile-de-las-manifestaciones-contra-la-violencia-a-la-paridad\/\" \/>\n<meta property=\"og:site_name\" content=\"Grandes assises AMP 2022\" \/>\n<meta property=\"article:published_time\" content=\"2021-07-21T20:52:15+00:00\" \/>\n<meta property=\"article:modified_time\" content=\"2021-07-21T20:52:57+00:00\" \/>\n<meta name=\"author\" content=\"Anne Colombel-Plouzennec\" \/>\n<meta name=\"twitter:card\" content=\"summary_large_image\" \/>\n<meta name=\"twitter:label1\" content=\"Written by\" \/>\n\t<meta name=\"twitter:data1\" content=\"Alba Alfaro (NEL)\" \/>\n\t<meta name=\"twitter:label2\" content=\"Est. reading time\" \/>\n\t<meta name=\"twitter:data2\" content=\"2 minutes\" \/>\n<script type=\"application\/ld+json\" class=\"yoast-schema-graph\">{\"@context\":\"https:\/\/schema.org\",\"@graph\":[{\"@type\":\"WebPage\",\"@id\":\"https:\/\/www.grandesassisesamp2022.com\/en\/chile-de-las-manifestaciones-contra-la-violencia-a-la-paridad\/\",\"url\":\"https:\/\/www.grandesassisesamp2022.com\/en\/chile-de-las-manifestaciones-contra-la-violencia-a-la-paridad\/\",\"name\":\"Chile : de las manifestaciones contra la violencia a la paridad - Grandes assises AMP 2022\",\"isPartOf\":{\"@id\":\"https:\/\/www.grandesassisesamp2022.com\/#website\"},\"datePublished\":\"2021-07-21T20:52:15+00:00\",\"dateModified\":\"2021-07-21T20:52:57+00:00\",\"author\":{\"@id\":\"https:\/\/www.grandesassisesamp2022.com\/#\/schema\/person\/afb807a7df86ab26826226b3e60e2a29\"},\"breadcrumb\":{\"@id\":\"https:\/\/www.grandesassisesamp2022.com\/en\/chile-de-las-manifestaciones-contra-la-violencia-a-la-paridad\/#breadcrumb\"},\"inLanguage\":\"en-US\",\"potentialAction\":[{\"@type\":\"ReadAction\",\"target\":[\"https:\/\/www.grandesassisesamp2022.com\/en\/chile-de-las-manifestaciones-contra-la-violencia-a-la-paridad\/\"]}]},{\"@type\":\"BreadcrumbList\",\"@id\":\"https:\/\/www.grandesassisesamp2022.com\/en\/chile-de-las-manifestaciones-contra-la-violencia-a-la-paridad\/#breadcrumb\",\"itemListElement\":[{\"@type\":\"ListItem\",\"position\":1,\"name\":\"Accueil\",\"item\":\"https:\/\/www.grandesassisesamp2022.com\/en\/\"},{\"@type\":\"ListItem\",\"position\":2,\"name\":\"Chile : de las manifestaciones contra la violencia a la paridad\"}]},{\"@type\":\"WebSite\",\"@id\":\"https:\/\/www.grandesassisesamp2022.com\/#website\",\"url\":\"https:\/\/www.grandesassisesamp2022.com\/\",\"name\":\"Grandes assises AMP 2022\",\"description\":\"Paris\",\"potentialAction\":[{\"@type\":\"SearchAction\",\"target\":{\"@type\":\"EntryPoint\",\"urlTemplate\":\"https:\/\/www.grandesassisesamp2022.com\/?s={search_term_string}\"},\"query-input\":\"required name=search_term_string\"}],\"inLanguage\":\"en-US\"},{\"@type\":\"Person\",\"@id\":\"https:\/\/www.grandesassisesamp2022.com\/#\/schema\/person\/afb807a7df86ab26826226b3e60e2a29\",\"name\":\"Anne Colombel-Plouzennec\",\"image\":{\"@type\":\"ImageObject\",\"inLanguage\":\"en-US\",\"@id\":\"https:\/\/www.grandesassisesamp2022.com\/#\/schema\/person\/image\/\",\"url\":\"https:\/\/secure.gravatar.com\/avatar\/80d6c7b1ccd81d04b4d32c5212f51eeb21422d492a52867c47c278d64b69670c?s=96&d=mm&r=g\",\"contentUrl\":\"https:\/\/secure.gravatar.com\/avatar\/80d6c7b1ccd81d04b4d32c5212f51eeb21422d492a52867c47c278d64b69670c?s=96&d=mm&r=g\",\"caption\":\"Anne Colombel-Plouzennec\"},\"url\":\"\"}]}<\/script>\n<!-- \/ Yoast SEO plugin. -->","yoast_head_json":{"title":"Chile : de las manifestaciones contra la violencia a la paridad - Grandes assises AMP 2022","robots":{"index":"index","follow":"follow","max-snippet":"max-snippet:-1","max-image-preview":"max-image-preview:large","max-video-preview":"max-video-preview:-1"},"canonical":"https:\/\/www.grandesassisesamp2022.com\/en\/chile-de-las-manifestaciones-contra-la-violencia-a-la-paridad\/","og_locale":"en_US","og_type":"article","og_title":"Chile : de las manifestaciones contra la violencia a la paridad - Grandes assises AMP 2022","og_description":"Chile 2019: cuatro mujeres de 31 a\u00f1os dieron vida al colectivo Las Tesis. La idea original era traducir algunas tesis de autoras feministas a un formato de&nbsp;performance&nbsp;para llevarlas \u201cde la academia a las calles\u201d. La canci\u00f3n \u201cEl violador eres t\u00fa\u201d (inspirada en la tesis de la antrop\u00f3loga argentina Rita Segato) al ser presentada en el&hellip;&nbsp;Read More &raquo;Chile : de las manifestaciones contra la violencia a la paridad","og_url":"https:\/\/www.grandesassisesamp2022.com\/en\/chile-de-las-manifestaciones-contra-la-violencia-a-la-paridad\/","og_site_name":"Grandes assises AMP 2022","article_published_time":"2021-07-21T20:52:15+00:00","article_modified_time":"2021-07-21T20:52:57+00:00","author":"Anne Colombel-Plouzennec","twitter_card":"summary_large_image","twitter_misc":{"Written by":"Alba Alfaro (NEL)","Est. reading time":"2 minutes"},"schema":{"@context":"https:\/\/schema.org","@graph":[{"@type":"WebPage","@id":"https:\/\/www.grandesassisesamp2022.com\/en\/chile-de-las-manifestaciones-contra-la-violencia-a-la-paridad\/","url":"https:\/\/www.grandesassisesamp2022.com\/en\/chile-de-las-manifestaciones-contra-la-violencia-a-la-paridad\/","name":"Chile : de las manifestaciones contra la violencia a la paridad - Grandes assises AMP 2022","isPartOf":{"@id":"https:\/\/www.grandesassisesamp2022.com\/#website"},"datePublished":"2021-07-21T20:52:15+00:00","dateModified":"2021-07-21T20:52:57+00:00","author":{"@id":"https:\/\/www.grandesassisesamp2022.com\/#\/schema\/person\/afb807a7df86ab26826226b3e60e2a29"},"breadcrumb":{"@id":"https:\/\/www.grandesassisesamp2022.com\/en\/chile-de-las-manifestaciones-contra-la-violencia-a-la-paridad\/#breadcrumb"},"inLanguage":"en-US","potentialAction":[{"@type":"ReadAction","target":["https:\/\/www.grandesassisesamp2022.com\/en\/chile-de-las-manifestaciones-contra-la-violencia-a-la-paridad\/"]}]},{"@type":"BreadcrumbList","@id":"https:\/\/www.grandesassisesamp2022.com\/en\/chile-de-las-manifestaciones-contra-la-violencia-a-la-paridad\/#breadcrumb","itemListElement":[{"@type":"ListItem","position":1,"name":"Accueil","item":"https:\/\/www.grandesassisesamp2022.com\/en\/"},{"@type":"ListItem","position":2,"name":"Chile : de las manifestaciones contra la violencia a la paridad"}]},{"@type":"WebSite","@id":"https:\/\/www.grandesassisesamp2022.com\/#website","url":"https:\/\/www.grandesassisesamp2022.com\/","name":"Grandes assises AMP 2022","description":"Paris","potentialAction":[{"@type":"SearchAction","target":{"@type":"EntryPoint","urlTemplate":"https:\/\/www.grandesassisesamp2022.com\/?s={search_term_string}"},"query-input":"required name=search_term_string"}],"inLanguage":"en-US"},{"@type":"Person","@id":"https:\/\/www.grandesassisesamp2022.com\/#\/schema\/person\/afb807a7df86ab26826226b3e60e2a29","name":"Anne Colombel-Plouzennec","image":{"@type":"ImageObject","inLanguage":"en-US","@id":"https:\/\/www.grandesassisesamp2022.com\/#\/schema\/person\/image\/","url":"https:\/\/secure.gravatar.com\/avatar\/80d6c7b1ccd81d04b4d32c5212f51eeb21422d492a52867c47c278d64b69670c?s=96&d=mm&r=g","contentUrl":"https:\/\/secure.gravatar.com\/avatar\/80d6c7b1ccd81d04b4d32c5212f51eeb21422d492a52867c47c278d64b69670c?s=96&d=mm&r=g","caption":"Anne Colombel-Plouzennec"},"url":""}]}},"_links":{"self":[{"href":"https:\/\/www.grandesassisesamp2022.com\/en\/wp-json\/wp\/v2\/posts\/9388","targetHints":{"allow":["GET"]}}],"collection":[{"href":"https:\/\/www.grandesassisesamp2022.com\/en\/wp-json\/wp\/v2\/posts"}],"about":[{"href":"https:\/\/www.grandesassisesamp2022.com\/en\/wp-json\/wp\/v2\/types\/post"}],"author":[{"embeddable":true,"href":"https:\/\/www.grandesassisesamp2022.com\/en\/wp-json\/wp\/v2\/users\/13"}],"replies":[{"embeddable":true,"href":"https:\/\/www.grandesassisesamp2022.com\/en\/wp-json\/wp\/v2\/comments?post=9388"}],"version-history":[{"count":1,"href":"https:\/\/www.grandesassisesamp2022.com\/en\/wp-json\/wp\/v2\/posts\/9388\/revisions"}],"predecessor-version":[{"id":9393,"href":"https:\/\/www.grandesassisesamp2022.com\/en\/wp-json\/wp\/v2\/posts\/9388\/revisions\/9393"}],"wp:attachment":[{"href":"https:\/\/www.grandesassisesamp2022.com\/en\/wp-json\/wp\/v2\/media?parent=9388"}],"wp:term":[{"taxonomy":"category","embeddable":true,"href":"https:\/\/www.grandesassisesamp2022.com\/en\/wp-json\/wp\/v2\/categories?post=9388"},{"taxonomy":"post_tag","embeddable":true,"href":"https:\/\/www.grandesassisesamp2022.com\/en\/wp-json\/wp\/v2\/tags?post=9388"}],"curies":[{"name":"wp","href":"https:\/\/api.w.org\/{rel}","templated":true}]}}